{"id":1650,"date":"2022-03-23T14:34:17","date_gmt":"2022-03-23T14:34:17","guid":{"rendered":"https:\/\/www.prumkadc.cz\/?p=1650"},"modified":"2022-04-27T08:05:46","modified_gmt":"2022-04-27T08:05:46","slug":"seminar-nova-generace-pracovniku-v-inzenyrskem-stavitelstvi","status":"publish","type":"post","link":"https:\/\/www.prumkadc.cz\/index.php\/2022\/03\/23\/seminar-nova-generace-pracovniku-v-inzenyrskem-stavitelstvi\/","title":{"rendered":"Semin\u00e1\u0159 &#8222;Nov\u00e1 generace pracovn\u00edk\u016f v&nbsp;in\u017een\u00fdrsk\u00e9m stavitelstv\u00ed&#8220;"},"content":{"rendered":"\n<p>Po lo\u0148sk\u00e9 odmlce z&nbsp;d\u016fvod\u016f pandemie na\u0161e \u0161kola op\u011bt p\u0159iv\u00edtala z\u00e1jemce o p\u0159edn\u00e1\u0161ky v&nbsp;oboru \u017eelezni\u010dn\u00edho stavitelstv\u00ed. Ji\u017e tradi\u010dn\u00ed semin\u00e1\u0159, letos  devaten\u00e1ct\u00fd v&nbsp;po\u0159ad\u00ed, s&nbsp;n\u00e1zvem &#8222;Nov\u00e1 generace pracovn\u00edk\u016f v&nbsp;in\u017een\u00fdrsk\u00e9m stavitelstv\u00ed&#8220; p\u0159il\u00e1kal do p\u0159edn\u00e1\u0161kov\u00e9ho s\u00e1lu p\u0159es 130 poslucha\u010d\u016f. Dal\u0161\u00ed \u00fa\u010dastn\u00edci se letos poprv\u00e9 mohli p\u0159ihl\u00e1sit i p\u0159es on-line p\u0159enos, kter\u00fd byl v&nbsp;re\u017eii na\u0161ich student\u016f vy\u0161\u0161\u00ed odborn\u00e9 \u0161koly. Jsme velmi r\u00e1di, \u017ee se cel\u00e1 akce op\u011bt vyda\u0159ila a my m\u016f\u017eeme zah\u00e1jit p\u0159\u00edpravy dal\u0161\u00edho, jubilejn\u00edho ro\u010dn\u00edku semin\u00e1\u0159e, kter\u00fd by se m\u011bl konat v&nbsp;p\u0159\u00ed\u0161\u00edm roce na ja\u0159e.<\/p>\n\n\n\n<p>Pavla Reimerov\u00e1<\/p>\n\n\n\n<figure class=\"wp-block-image size-large\"><img decoding=\"async\" src=\"https:\/\/www.prumkadc.cz\/wp-content\/uploads\/2022\/04\/DSCN0019u-1024x700.jpg\" alt=\"\" class=\"wp-image-1810\"\/><\/figure>\n\n\n\n<figure class=\"wp-block-image size-large\"><img decoding=\"async\" src=\"https:\/\/www.prumkadc.cz\/wp-content\/uploads\/2022\/04\/IMG_5438u-1024x683.jpg\" alt=\"\" class=\"wp-image-1819\"\/><\/figure>\n\n\n\n<figure class=\"wp-block-image size-large\"><img decoding=\"async\" src=\"https:\/\/www.prumkadc.cz\/wp-content\/uploads\/2022\/04\/DSCN0021u-1024x768.jpg\" alt=\"\" class=\"wp-image-1815\"\/><\/figure>\n\n\n\n<figure class=\"wp-block-image size-large\"><img decoding=\"async\" src=\"https:\/\/www.prumkadc.cz\/wp-content\/uploads\/2022\/04\/IMG_5432u-1024x683.jpg\" alt=\"\" class=\"wp-image-1818\"\/><\/figure>\n\n\n\n<figure class=\"wp-block-image size-large\"><img decoding=\"async\" src=\"https:\/\/www.prumkadc.cz\/wp-content\/uploads\/2022\/04\/DSCN0051u-1024x612.jpg\" alt=\"\" class=\"wp-image-1816\"\/><\/figure>\n\n\n\n<figure class=\"wp-block-image size-large\"><img decoding=\"async\" src=\"https:\/\/www.prumkadc.cz\/wp-content\/uploads\/2022\/04\/20220316_162633u-1024x768.jpg\" alt=\"\" class=\"wp-image-1812\"\/><\/figure>\n\n\n\n<figure class=\"wp-block-image size-large\"><img decoding=\"async\" src=\"https:\/\/www.prumkadc.cz\/wp-content\/uploads\/2022\/04\/20220316_155745u-1024x768.jpg\" alt=\"\" class=\"wp-image-1813\"\/><\/figure>\n\n\n\n<figure class=\"wp-block-image size-large\"><img decoding=\"async\" src=\"https:\/\/www.prumkadc.cz\/wp-content\/uploads\/2022\/04\/20220316_173328u-768x1024.jpg\" alt=\"\" class=\"wp-image-1814\"\/><\/figure>\n\n\n\n<figure class=\"wp-block-image size-large\"><img decoding=\"async\" src=\"https:\/\/www.prumkadc.cz\/wp-content\/uploads\/2022\/04\/IMG_0791u-1024x683.jpg\" alt=\"\" class=\"wp-image-1817\"\/><\/figure>\n\n\n\n<figure class=\"wp-block-image size-large\"><img decoding=\"async\" src=\"https:\/\/www.prumkadc.cz\/wp-content\/uploads\/2022\/04\/IMG_5563-1024x683.jpg\" alt=\"\" class=\"wp-image-1820\"\/><\/figure>\n","protected":false},"excerpt":{"rendered":"<p>Po lo\u0148sk\u00e9 odmlce z&nbsp;d\u016fvod\u016f pandemie na\u0161e \u0161kola op\u011bt p\u0159iv\u00edtala z\u00e1jemce o p\u0159edn\u00e1\u0161ky v&nbsp;oboru \u017eelezni\u010dn\u00edho stavitelstv\u00ed. Ji\u017e tradi\u010dn\u00ed semin\u00e1\u0159, letos devaten\u00e1ct\u00fd v&nbsp;po\u0159ad\u00ed, s&nbsp;n\u00e1zvem &#8222;Nov\u00e1 generace pracovn\u00edk\u016f v&nbsp;in\u017een\u00fdrsk\u00e9m stavitelstv\u00ed&#8220; p\u0159il\u00e1kal do p\u0159edn\u00e1\u0161kov\u00e9ho s\u00e1lu p\u0159es 130 poslucha\u010d\u016f. Dal\u0161\u00ed \u00fa\u010dastn\u00edci se letos poprv\u00e9 mohli p\u0159ihl\u00e1sit i p\u0159es on-line p\u0159enos, kter\u00fd byl v&nbsp;re\u017eii na\u0161ich student\u016f vy\u0161\u0161\u00ed odborn\u00e9 \u0161koly. Jsme velmi [&hellip;]<\/p>\n","protected":false},"author":5,"featured_media":0,"comment_status":"closed","ping_status":"open","sticky":false,"template":"","format":"standard","meta":{"_acf_changed":false,"footnotes":""},"categories":[1],"tags":[],"class_list":["post-1650","post","type-post","status-publish","format-standard","hentry","category-uncategorized"],"acf":[],"_links":{"self":[{"href":"https:\/\/www.prumkadc.cz\/index.php\/wp-json\/wp\/v2\/posts\/1650","targetHints":{"allow":["GET"]}}],"collection":[{"href":"https:\/\/www.prumkadc.cz\/index.php\/wp-json\/wp\/v2\/posts"}],"about":[{"href":"https:\/\/www.prumkadc.cz\/index.php\/wp-json\/wp\/v2\/types\/post"}],"author":[{"embeddable":true,"href":"https:\/\/www.prumkadc.cz\/index.php\/wp-json\/wp\/v2\/users\/5"}],"replies":[{"embeddable":true,"href":"https:\/\/www.prumkadc.cz\/index.php\/wp-json\/wp\/v2\/comments?post=1650"}],"version-history":[{"count":0,"href":"https:\/\/www.prumkadc.cz\/index.php\/wp-json\/wp\/v2\/posts\/1650\/revisions"}],"wp:attachment":[{"href":"https:\/\/www.prumkadc.cz\/index.php\/wp-json\/wp\/v2\/media?parent=1650"}],"wp:term":[{"taxonomy":"category","embeddable":true,"href":"https:\/\/www.prumkadc.cz\/index.php\/wp-json\/wp\/v2\/categories?post=1650"},{"taxonomy":"post_tag","embeddable":true,"href":"https:\/\/www.prumkadc.cz\/index.php\/wp-json\/wp\/v2\/tags?post=1650"}],"curies":[{"name":"wp","href":"https:\/\/api.w.org\/{rel}","templated":true}]}}