{"id":1658,"date":"2022-03-31T05:55:01","date_gmt":"2022-03-31T05:55:01","guid":{"rendered":"https:\/\/www.prumkadc.cz\/?p=1658"},"modified":"2022-04-27T07:54:00","modified_gmt":"2022-04-27T07:54:00","slug":"poezie-stale-zije","status":"publish","type":"post","link":"https:\/\/www.prumkadc.cz\/index.php\/2022\/03\/31\/poezie-stale-zije\/","title":{"rendered":"Poezie st\u00e1le \u017eije!"},"content":{"rendered":"\n<p>Dne 24.&nbsp;3.&nbsp;prob\u011bhla 5.&nbsp;a 6.&nbsp;vyu\u010dovac\u00ed hodinu recita\u010dn\u00ed sout\u011b\u017e, kter\u00e9 se z\u00fa\u010dastnili recit\u00e1to\u0159i a recit\u00e1torky z&nbsp;\u0159ad na\u0161ich \u017e\u00e1k\u016f a u\u010ditel\u016f. Porotcov\u00e1n\u00ed se ujali Marek Nesveda ze 3Z &nbsp;a pan\u00ed u\u010ditelky K\u0159es\u0165anov\u00e1 a Bajerov\u00e1. Nepostradatelnou sou\u010d\u00e1st\u00ed byl Radek Jur\u010d\u00e1k ze 3A v&nbsp;roli moder\u00e1tora, kter\u00fd odvedl skv\u011blou pr\u00e1ci.<\/p>\n\n\n\n<p>Ke&nbsp;zpest\u0159en\u00ed cel\u00e9ho programu p\u0159isp\u011bli mnoz\u00ed akt\u00e9\u0159i v\u00fdb\u011brem sv\u00e9 b\u00e1sn\u011b a proc\u00edt\u011bnou recitac\u00ed. Mezi n\u011b pat\u0159ily tak\u00e9 pan\u00ed u\u010ditelky. Pan\u00ed u\u010ditelka Bohat\u00fd Fridrichov\u00e1 zarecitovala v&nbsp;origin\u00e1le b\u00e1se\u0148 od H. Heina &nbsp;Lorelei. V&nbsp;pod\u00e1n\u00ed pan\u00ed u\u010ditelky Novotn\u00e9 zazn\u011bla v&nbsp;jej\u00ed rodn\u00e9 sloven\u0161tin\u011b b\u00e1se\u0148 od S. Chalupky Mor ho. &nbsp;Pan\u00ed u\u010ditelka Hralov\u00e1 vsadila na Pale\u010dka od F. Hrub\u00edna. Bez pov\u0161imnut\u00ed nez\u016fstala ani japonsk\u00e1 poezie v&nbsp;pod\u00e1n\u00ed Vojty Vodi\u010dky a Vl\u00e1di Housky ze 4A \u010di pantomima Vojty Kr\u00e1le z&nbsp;1Z.<\/p>\n\n\n\n<p>V\u011b\u0159te, \u017ee v\u0161ichni \u00fa\u010dastn\u00edci podali maxim\u00e1ln\u00ed v\u00fdkon, ale vyhr\u00e1t mohli jen ti nejlep\u0161\u00ed. Po dlouh\u00e9m rozhodov\u00e1n\u00ed ud\u011blila porota 1.&nbsp;m\u00edsto Ad\u00e9le Majorov\u00e9 z&nbsp;1A a Pavolu Fukovi ze 3Z. Na 2.&nbsp;m\u00edst\u011b se um\u00edstila Martina Paterov\u00e1 ze 3Z a 3.&nbsp;m\u00edsto obsadil Ond\u0159ej Mitru\u0161ka z&nbsp;1A. O 4.&nbsp;m\u00edsto se pod\u011blili Vojta Vodi\u010dka a Vl\u00e1\u010fa Houska ze 4A se &nbsp;Zuzkou Nepomuckou z&nbsp;1B.<\/p>\n\n\n\n<p>Je\u0161t\u011b jednou v\u00edt\u011bz\u016fm blahop\u0159ejeme a v\u0161em recit\u00e1tor\u016fm a recit\u00e1tork\u00e1m d\u011bkujeme za jejich \u00fa\u010dast a odvahu! Odm\u011bnou pro v\u0161echny z\u00fa\u010dastn\u011bn\u00e9 byla p\u0159\u00edjemn\u00e1 atmosf\u00e9ra a tak\u00e9 n\u011bco sladk\u00e9ho na zub. &nbsp;V\u00edt\u011bzov\u00e9 si odnesli tri\u010dko s&nbsp;logem D\u011b\u010d\u00edna.<\/p>\n\n\n\n<p>D\u011bkujeme za hojnou \u00fa\u010dast a t\u011b\u0161\u00edme se na dal\u0161\u00ed spole\u010dn\u00e9 setk\u00e1n\u00ed s&nbsp;poezi\u00ed.<\/p>\n\n\n\n<p>Kristina Bajerov\u00e1&nbsp;&nbsp;<\/p>\n","protected":false},"excerpt":{"rendered":"<p>Dne 24.&nbsp;3.&nbsp;prob\u011bhla 5.&nbsp;a 6.&nbsp;vyu\u010dovac\u00ed hodinu recita\u010dn\u00ed sout\u011b\u017e, kter\u00e9 se z\u00fa\u010dastnili recit\u00e1to\u0159i a recit\u00e1torky z&nbsp;\u0159ad na\u0161ich \u017e\u00e1k\u016f a u\u010ditel\u016f. Porotcov\u00e1n\u00ed se ujali Marek Nesveda ze 3Z &nbsp;a pan\u00ed u\u010ditelky K\u0159es\u0165anov\u00e1 a Bajerov\u00e1. Nepostradatelnou sou\u010d\u00e1st\u00ed byl Radek Jur\u010d\u00e1k ze 3A v&nbsp;roli moder\u00e1tora, kter\u00fd odvedl skv\u011blou pr\u00e1ci. Ke&nbsp;zpest\u0159en\u00ed cel\u00e9ho programu p\u0159isp\u011bli mnoz\u00ed akt\u00e9\u0159i v\u00fdb\u011brem sv\u00e9 b\u00e1sn\u011b a proc\u00edt\u011bnou [&hellip;]<\/p>\n","protected":false},"author":5,"featured_media":0,"comment_status":"closed","ping_status":"open","sticky":false,"template":"","format":"standard","meta":{"_acf_changed":false,"footnotes":""},"categories":[1],"tags":[],"class_list":["post-1658","post","type-post","status-publish","format-standard","hentry","category-uncategorized"],"acf":[],"_links":{"self":[{"href":"https:\/\/www.prumkadc.cz\/index.php\/wp-json\/wp\/v2\/posts\/1658","targetHints":{"allow":["GET"]}}],"collection":[{"href":"https:\/\/www.prumkadc.cz\/index.php\/wp-json\/wp\/v2\/posts"}],"about":[{"href":"https:\/\/www.prumkadc.cz\/index.php\/wp-json\/wp\/v2\/types\/post"}],"author":[{"embeddable":true,"href":"https:\/\/www.prumkadc.cz\/index.php\/wp-json\/wp\/v2\/users\/5"}],"replies":[{"embeddable":true,"href":"https:\/\/www.prumkadc.cz\/index.php\/wp-json\/wp\/v2\/comments?post=1658"}],"version-history":[{"count":0,"href":"https:\/\/www.prumkadc.cz\/index.php\/wp-json\/wp\/v2\/posts\/1658\/revisions"}],"wp:attachment":[{"href":"https:\/\/www.prumkadc.cz\/index.php\/wp-json\/wp\/v2\/media?parent=1658"}],"wp:term":[{"taxonomy":"category","embeddable":true,"href":"https:\/\/www.prumkadc.cz\/index.php\/wp-json\/wp\/v2\/categories?post=1658"},{"taxonomy":"post_tag","embeddable":true,"href":"https:\/\/www.prumkadc.cz\/index.php\/wp-json\/wp\/v2\/tags?post=1658"}],"curies":[{"name":"wp","href":"https:\/\/api.w.org\/{rel}","templated":true}]}}