{"id":1660,"date":"2022-03-31T06:19:27","date_gmt":"2022-03-31T06:19:27","guid":{"rendered":"https:\/\/www.prumkadc.cz\/?p=1660"},"modified":"2022-04-27T07:52:41","modified_gmt":"2022-04-27T07:52:41","slug":"zimni-exkurze-alpy-2022","status":"publish","type":"post","link":"https:\/\/www.prumkadc.cz\/index.php\/2022\/03\/31\/zimni-exkurze-alpy-2022\/","title":{"rendered":"Zimn\u00ed exkurze Alpy 2022"},"content":{"rendered":"\n<p>Druh\u00e1 polovina b\u0159ezna se stala ide\u00e1ln\u00edm v\u00fdb\u011brem term\u00ednu pro ly\u017ea\u0159skou v\u00fdpravu do rakousk\u00fdch Alp. Po\u010das\u00ed p\u0159\u00e1lo a svahy kolem Lienzu nab\u00edzely skv\u011bl\u00e9 podm\u00ednky. Studenti VO\u0160 a SP\u0160 D\u011b\u010d\u00edn m\u011bli k&nbsp;dispozici roz\u0161\u00ed\u0159enou permanentku pro celou oblast v\u00fdchodn\u00edch Korutan a mohli tak poznat ly\u017ea\u0159sk\u00e1 st\u0159ediska jako Matrei, St. Jakob nebo vyhl\u00e1\u0161en\u00fd ledovec Molltal. Ubytovan\u00ed a stravov\u00e1n\u00ed v&nbsp;Iselsberghofu nezklamalo a bylo na vysok\u00e9 \u00farovni jako v\u017edy. U\u010ditelsk\u00e9 duo Eibl \u2013 Mare\u0161 hodnot\u00ed tuto akci velmi pozitivn\u011b a ji\u017e pl\u00e1nuj\u00ed exkurzi v&nbsp;roce 2023.<\/p>\n\n\n\n<figure class=\"wp-block-image size-large\"><img decoding=\"async\" src=\"https:\/\/www.prumkadc.cz\/wp-content\/uploads\/2022\/03\/3736b06c-8bcb-4848-9caf-a92e5720e921-1024x683.jpg\" alt=\"\" class=\"wp-image-1662\"\/><\/figure>\n\n\n\n<figure class=\"wp-block-image size-large\"><img decoding=\"async\" src=\"https:\/\/www.prumkadc.cz\/wp-content\/uploads\/2022\/03\/IMG_7170-1024x768.jpg\" alt=\"\" class=\"wp-image-1663\"\/><\/figure>\n\n\n\n<figure class=\"wp-block-image size-large\"><img decoding=\"async\" src=\"https:\/\/www.prumkadc.cz\/wp-content\/uploads\/2022\/03\/IMG_9677u-1024x768.jpg\" alt=\"\" class=\"wp-image-1664\"\/><\/figure>\n","protected":false},"excerpt":{"rendered":"<p>Druh\u00e1 polovina b\u0159ezna se stala ide\u00e1ln\u00edm v\u00fdb\u011brem term\u00ednu pro ly\u017ea\u0159skou v\u00fdpravu do rakousk\u00fdch Alp. Po\u010das\u00ed p\u0159\u00e1lo a svahy kolem Lienzu nab\u00edzely skv\u011bl\u00e9 podm\u00ednky. Studenti VO\u0160 a SP\u0160 D\u011b\u010d\u00edn m\u011bli k&nbsp;dispozici roz\u0161\u00ed\u0159enou permanentku pro celou oblast v\u00fdchodn\u00edch Korutan a mohli tak poznat ly\u017ea\u0159sk\u00e1 st\u0159ediska jako Matrei, St. Jakob nebo vyhl\u00e1\u0161en\u00fd ledovec Molltal. Ubytovan\u00ed a stravov\u00e1n\u00ed v&nbsp;Iselsberghofu [&hellip;]<\/p>\n","protected":false},"author":5,"featured_media":0,"comment_status":"closed","ping_status":"open","sticky":false,"template":"","format":"standard","meta":{"_acf_changed":false,"footnotes":""},"categories":[1],"tags":[],"class_list":["post-1660","post","type-post","status-publish","format-standard","hentry","category-uncategorized"],"acf":[],"_links":{"self":[{"href":"https:\/\/www.prumkadc.cz\/index.php\/wp-json\/wp\/v2\/posts\/1660","targetHints":{"allow":["GET"]}}],"collection":[{"href":"https:\/\/www.prumkadc.cz\/index.php\/wp-json\/wp\/v2\/posts"}],"about":[{"href":"https:\/\/www.prumkadc.cz\/index.php\/wp-json\/wp\/v2\/types\/post"}],"author":[{"embeddable":true,"href":"https:\/\/www.prumkadc.cz\/index.php\/wp-json\/wp\/v2\/users\/5"}],"replies":[{"embeddable":true,"href":"https:\/\/www.prumkadc.cz\/index.php\/wp-json\/wp\/v2\/comments?post=1660"}],"version-history":[{"count":0,"href":"https:\/\/www.prumkadc.cz\/index.php\/wp-json\/wp\/v2\/posts\/1660\/revisions"}],"wp:attachment":[{"href":"https:\/\/www.prumkadc.cz\/index.php\/wp-json\/wp\/v2\/media?parent=1660"}],"wp:term":[{"taxonomy":"category","embeddable":true,"href":"https:\/\/www.prumkadc.cz\/index.php\/wp-json\/wp\/v2\/categories?post=1660"},{"taxonomy":"post_tag","embeddable":true,"href":"https:\/\/www.prumkadc.cz\/index.php\/wp-json\/wp\/v2\/tags?post=1660"}],"curies":[{"name":"wp","href":"https:\/\/api.w.org\/{rel}","templated":true}]}}