{"id":1666,"date":"2022-03-31T06:27:03","date_gmt":"2022-03-31T06:27:03","guid":{"rendered":"https:\/\/www.prumkadc.cz\/?p=1666"},"modified":"2022-04-27T07:52:22","modified_gmt":"2022-04-27T07:52:22","slug":"jeden-svet-cesty-svobody","status":"publish","type":"post","link":"https:\/\/www.prumkadc.cz\/index.php\/2022\/03\/31\/jeden-svet-cesty-svobody\/","title":{"rendered":"Jeden sv\u011bt \u2013 Cesty svobody"},"content":{"rendered":"\n<p>29.&nbsp;3.&nbsp;se studenti t\u0159\u00edd 2A, 3A, E2, E3, S2 a S3 z\u00fa\u010dastnili projekce dokument\u00e1rn\u00edch film\u016f o&nbsp;situaci v&nbsp;B\u011blorusku a n\u00e1sledn\u00e9 besedy v&nbsp;r\u00e1mci projektu Jeden sv\u011bt.<\/p>\n\n\n\n<p>\u201eCo budeme d\u011blat?\u201c je n\u00e1zev kr\u00e1tk\u00e9ho filmu a z\u00e1rove\u0148 zamy\u0161len\u00ed dokumentaristy zadr\u017een\u00e9ho na demonstraci proti zfal\u0161ovan\u00fdm prezidentsk\u00fdm volb\u00e1m v&nbsp;b\u011blorusk\u00e9m hlavn\u00edm m\u011bst\u011b Minsku. Polsk\u00fd sn\u00edmek \u201e\u010cl\u00e1nek 293\u201c, kter\u00fd dokl\u00e1d\u00e1 brut\u00e1ln\u00ed zach\u00e1zen\u00ed a nemo\u017enost jak\u00e9hokoli odvol\u00e1n\u00ed p\u0159i protestech proti nesvobod\u011b, potvrzuje totalitn\u00ed praktiky prezidenta Luka\u0161enka. B\u011blorusov\u00e9 \u010dasto odch\u00e1zej\u00ed ze sv\u00e9 rodn\u00e9 zem\u011b, aby se vyhnuli v\u011bzen\u00ed a nelidsk\u00e9mu zach\u00e1zen\u00ed. Podobn\u011b uva\u017eoval mlad\u00fd B\u011blorus, kter\u00fd byl pozv\u00e1n na besedu.<\/p>\n\n\n\n<p>Post\u0159ehy student\u016f:<\/p>\n\n\n\n<p>2A &#8211;&nbsp;&nbsp; V\u00e1clav: Byl jsem si v\u011bdom toho, co se v&nbsp;B\u011blorusku d\u011bje, ale po zhl\u00e9dnut\u00ed kr\u00e1tk\u00fdch film\u016f mus\u00edm \u0159\u00edct, \u017ee je situace o dost hor\u0161\u00ed. <br>B\u00e1ra: Mrz\u00ed m\u011b, \u017ee i v&nbsp;t\u00e9to dob\u011b existuj\u00ed zem\u011b, kde lid\u00e9 nemaj\u00ed pr\u00e1vo vyj\u00e1d\u0159it sv\u016fj n\u00e1zor.<\/p>\n\n\n\n<p>3A &#8211;&nbsp;&nbsp; K\u00e1ja: Vid\u011bli jsme mraziv\u00e9, ale skute\u010dn\u00e9 a pravdiv\u00e9 z\u00e1b\u011bry p\u0159\u00edm\u00fdch \u00fa\u010dastn\u00edk\u016f demonstrac\u00ed. <br>B\u00e1ra z&nbsp;besedy: P\u0159ekvapilo m\u011b, \u017ee u\u017e ani samotn\u00fd ob\u010dan B\u011bloruska nevid\u00ed nad\u011bji ve zm\u011bn\u011b re\u017eimu a svr\u017een\u00ed Luka\u0161enka.<\/p>\n\n\n\n<p>Mgr. Irena Horov\u00e1<\/p>\n\n\n\n<figure class=\"wp-block-image size-large\"><img decoding=\"async\" src=\"https:\/\/www.prumkadc.cz\/wp-content\/uploads\/2022\/03\/jedensvet5-1024x768.jpg\" alt=\"\" class=\"wp-image-1667\"\/><\/figure>\n\n\n\n<figure class=\"wp-block-image size-large\"><img decoding=\"async\" src=\"https:\/\/www.prumkadc.cz\/wp-content\/uploads\/2022\/03\/jedensvet3-1024x768.jpg\" alt=\"\" class=\"wp-image-1669\"\/><\/figure>\n","protected":false},"excerpt":{"rendered":"<p>29.&nbsp;3.&nbsp;se studenti t\u0159\u00edd 2A, 3A, E2, E3, S2 a S3 z\u00fa\u010dastnili projekce dokument\u00e1rn\u00edch film\u016f o&nbsp;situaci v&nbsp;B\u011blorusku a n\u00e1sledn\u00e9 besedy v&nbsp;r\u00e1mci projektu Jeden sv\u011bt. \u201eCo budeme d\u011blat?\u201c je n\u00e1zev kr\u00e1tk\u00e9ho filmu a z\u00e1rove\u0148 zamy\u0161len\u00ed dokumentaristy zadr\u017een\u00e9ho na demonstraci proti zfal\u0161ovan\u00fdm prezidentsk\u00fdm volb\u00e1m v&nbsp;b\u011blorusk\u00e9m hlavn\u00edm m\u011bst\u011b Minsku. Polsk\u00fd sn\u00edmek \u201e\u010cl\u00e1nek 293\u201c, kter\u00fd dokl\u00e1d\u00e1 brut\u00e1ln\u00ed zach\u00e1zen\u00ed a nemo\u017enost [&hellip;]<\/p>\n","protected":false},"author":5,"featured_media":0,"comment_status":"closed","ping_status":"open","sticky":false,"template":"","format":"standard","meta":{"_acf_changed":false,"footnotes":""},"categories":[1],"tags":[],"class_list":["post-1666","post","type-post","status-publish","format-standard","hentry","category-uncategorized"],"acf":[],"_links":{"self":[{"href":"https:\/\/www.prumkadc.cz\/index.php\/wp-json\/wp\/v2\/posts\/1666","targetHints":{"allow":["GET"]}}],"collection":[{"href":"https:\/\/www.prumkadc.cz\/index.php\/wp-json\/wp\/v2\/posts"}],"about":[{"href":"https:\/\/www.prumkadc.cz\/index.php\/wp-json\/wp\/v2\/types\/post"}],"author":[{"embeddable":true,"href":"https:\/\/www.prumkadc.cz\/index.php\/wp-json\/wp\/v2\/users\/5"}],"replies":[{"embeddable":true,"href":"https:\/\/www.prumkadc.cz\/index.php\/wp-json\/wp\/v2\/comments?post=1666"}],"version-history":[{"count":0,"href":"https:\/\/www.prumkadc.cz\/index.php\/wp-json\/wp\/v2\/posts\/1666\/revisions"}],"wp:attachment":[{"href":"https:\/\/www.prumkadc.cz\/index.php\/wp-json\/wp\/v2\/media?parent=1666"}],"wp:term":[{"taxonomy":"category","embeddable":true,"href":"https:\/\/www.prumkadc.cz\/index.php\/wp-json\/wp\/v2\/categories?post=1666"},{"taxonomy":"post_tag","embeddable":true,"href":"https:\/\/www.prumkadc.cz\/index.php\/wp-json\/wp\/v2\/tags?post=1666"}],"curies":[{"name":"wp","href":"https:\/\/api.w.org\/{rel}","templated":true}]}}