{"id":1674,"date":"2022-03-31T07:34:38","date_gmt":"2022-03-31T07:34:38","guid":{"rendered":"https:\/\/www.prumkadc.cz\/?p=1674"},"modified":"2022-04-27T07:53:23","modified_gmt":"2022-04-27T07:53:23","slug":"karierovy-den-ii","status":"publish","type":"post","link":"https:\/\/www.prumkadc.cz\/index.php\/2022\/03\/31\/karierovy-den-ii\/","title":{"rendered":"Kari\u00e9rov\u00fd den II."},"content":{"rendered":"\n<p>Na \u00fanorov\u00fd Kari\u00e9rov\u00fd den I. nav\u00e1zal v&nbsp;b\u0159eznu Kari\u00e9rov\u00fd den II., tentokr\u00e1t zam\u011b\u0159en\u00fd na prezentaci a mo\u017enosti profesn\u00edho uplatn\u011bn\u00ed u bezpe\u010dnostn\u00edch slo\u017eek st\u00e1tu, Policie \u010cR a Arm\u00e1dy \u010cR. P\u0159\u00edprava t\u011bchto prezentac\u00ed byla organiza\u010dn\u011b slo\u017eit\u00e1 vzhledem k&nbsp;situaci ve v\u00fdchodn\u00ed Evrop\u011b a nasazen\u00ed t\u011bchto slo\u017eek p\u0159i zaji\u0161t\u011bn\u00ed plynul\u00e9 organizace uprchlick\u00e9 vlny. P\u010cR i A\u010cR prezentovali svou pr\u00e1ci pro \u017e\u00e1ky zaj\u00edmav\u00fdm interaktivn\u00edm zp\u016fsobem, za vyu\u017eit\u00ed r\u016fzn\u00fdch videomateri\u00e1l\u016f, uk\u00e1zek v\u00fdzbroje i v\u00fdstroje. \u017d\u00e1ci projevili z\u00e1jem o pr\u00e1ci v&nbsp;t\u011bchto slo\u017ek\u00e1ch.<\/p>\n\n\n\n<p>Mgr. Kate\u0159ina Bohat\u00fd Fridrichov\u00e1<\/p>\n\n\n\n<p>Na Letn\u00e9 byl druh\u00fd kari\u00e9rov\u00fd den zam\u011b\u0159en na prezentaci na\u0161\u00ed partnersk\u00e9 firmy. Z\u00e1stupci spole\u010dnosti Constellium, mezi kter\u00fdmi byl rovn\u011b\u017e Ing. Bib\u00edk, absolvent na\u0161\u00ed \u0161koly oboru Stroj\u00edrenstv\u00ed, p\u0159edstavili v&nbsp;\u00fater\u00fd 29.&nbsp;3.&nbsp;v&nbsp;poutav\u00e9 prezentaci firmu a jej\u00ed v\u00fdrobn\u00ed program a sezn\u00e1mili \u017e\u00e1ky t\u0159\u00edd S4 a E4, zam\u011b\u0159en\u00ed Po\u010d\u00edta\u010dov\u00e9 syst\u00e9my, s&nbsp;mo\u017enost\u00ed uplatn\u011bn\u00ed na r\u016fzn\u00fdch pracovn\u00edch pozic\u00edch.<br>N\u00e1sledovala neform\u00e1ln\u00ed diskuze, ve kter\u00e9 z\u00e1stupci spole\u010dnosti odpov\u00eddali na dotazy \u017e\u00e1k\u016f.<\/p>\n\n\n\n<p>Ing. Miroslav Dlask<\/p>\n","protected":false},"excerpt":{"rendered":"<p>Na \u00fanorov\u00fd Kari\u00e9rov\u00fd den I. nav\u00e1zal v&nbsp;b\u0159eznu Kari\u00e9rov\u00fd den II., tentokr\u00e1t zam\u011b\u0159en\u00fd na prezentaci a mo\u017enosti profesn\u00edho uplatn\u011bn\u00ed u bezpe\u010dnostn\u00edch slo\u017eek st\u00e1tu, Policie \u010cR a Arm\u00e1dy \u010cR. P\u0159\u00edprava t\u011bchto prezentac\u00ed byla organiza\u010dn\u011b slo\u017eit\u00e1 vzhledem k&nbsp;situaci ve v\u00fdchodn\u00ed Evrop\u011b a nasazen\u00ed t\u011bchto slo\u017eek p\u0159i zaji\u0161t\u011bn\u00ed plynul\u00e9 organizace uprchlick\u00e9 vlny. P\u010cR i A\u010cR prezentovali svou pr\u00e1ci pro [&hellip;]<\/p>\n","protected":false},"author":5,"featured_media":0,"comment_status":"closed","ping_status":"open","sticky":false,"template":"","format":"standard","meta":{"_acf_changed":false,"footnotes":""},"categories":[1],"tags":[],"class_list":["post-1674","post","type-post","status-publish","format-standard","hentry","category-uncategorized"],"acf":[],"_links":{"self":[{"href":"https:\/\/www.prumkadc.cz\/index.php\/wp-json\/wp\/v2\/posts\/1674","targetHints":{"allow":["GET"]}}],"collection":[{"href":"https:\/\/www.prumkadc.cz\/index.php\/wp-json\/wp\/v2\/posts"}],"about":[{"href":"https:\/\/www.prumkadc.cz\/index.php\/wp-json\/wp\/v2\/types\/post"}],"author":[{"embeddable":true,"href":"https:\/\/www.prumkadc.cz\/index.php\/wp-json\/wp\/v2\/users\/5"}],"replies":[{"embeddable":true,"href":"https:\/\/www.prumkadc.cz\/index.php\/wp-json\/wp\/v2\/comments?post=1674"}],"version-history":[{"count":0,"href":"https:\/\/www.prumkadc.cz\/index.php\/wp-json\/wp\/v2\/posts\/1674\/revisions"}],"wp:attachment":[{"href":"https:\/\/www.prumkadc.cz\/index.php\/wp-json\/wp\/v2\/media?parent=1674"}],"wp:term":[{"taxonomy":"category","embeddable":true,"href":"https:\/\/www.prumkadc.cz\/index.php\/wp-json\/wp\/v2\/categories?post=1674"},{"taxonomy":"post_tag","embeddable":true,"href":"https:\/\/www.prumkadc.cz\/index.php\/wp-json\/wp\/v2\/tags?post=1674"}],"curies":[{"name":"wp","href":"https:\/\/api.w.org\/{rel}","templated":true}]}}