{"id":1727,"date":"2022-04-22T07:08:02","date_gmt":"2022-04-22T07:08:02","guid":{"rendered":"https:\/\/www.prumkadc.cz\/?p=1727"},"modified":"2022-04-27T07:50:43","modified_gmt":"2022-04-27T07:50:43","slug":"logiste-na-letisti","status":"publish","type":"post","link":"https:\/\/www.prumkadc.cz\/index.php\/2022\/04\/22\/logiste-na-letisti\/","title":{"rendered":"Logist\u00e9 na leti\u0161ti"},"content":{"rendered":"\n<p>V \u00fater\u00fd 12.&nbsp;dubna 2022 nav\u0161t\u00edvily t\u0159\u00eddy 3T a 4T formou exkurze leti\u0161t\u011b V\u00e1clava Havla.<\/p>\n\n\n\n<p>Vid\u011bli jsme gar\u00e1\u017ee se zimn\u00ed technikou &#8211; sn\u011bhov\u00e9 pluhy, fr\u00e9zy a dal\u0161\u00ed stroje nejen pro zimn\u00ed \u00fadr\u017ebu leti\u0161t\u011b. Sou\u010d\u00e1st\u00ed prohl\u00eddky vyhl\u00eddkov\u00fdm autobusem byly i \u010d\u00e1sti leti\u0161t\u011b Jih a Sever a Cargo z\u00f3na. Zhl\u00e9dli jsme odbaven\u00ed letadel p\u0159ed startem i po p\u0159ist\u00e1n\u00ed a nav\u00e1d\u011bn\u00ed letadel na st\u00e1n\u00ed. Exkurzi doprov\u00e1zel p\u0159\u00edjemn\u00fd pr\u016fvodce.<\/p>\n\n\n\n<p>Ing. Alexandra Pru\u017eincov\u00e1<\/p>\n\n\n\n<figure class=\"wp-block-image size-large\"><img decoding=\"async\" src=\"https:\/\/www.prumkadc.cz\/wp-content\/uploads\/2022\/04\/IMG-20220414-WA0002-1024x768.jpg\" alt=\"\" class=\"wp-image-1729\"\/><\/figure>\n\n\n\n<figure class=\"wp-block-image size-large\"><img decoding=\"async\" src=\"https:\/\/www.prumkadc.cz\/wp-content\/uploads\/2022\/04\/IMG-20220420-WA0000-1024x768.jpg\" alt=\"\" class=\"wp-image-1730\"\/><\/figure>\n\n\n\n<figure class=\"wp-block-image size-large\"><img decoding=\"async\" src=\"https:\/\/www.prumkadc.cz\/wp-content\/uploads\/2022\/04\/IMG-20220414-WA0000-1024x768.jpg\" alt=\"\" class=\"wp-image-1731\"\/><\/figure>\n","protected":false},"excerpt":{"rendered":"<p>V \u00fater\u00fd 12.&nbsp;dubna 2022 nav\u0161t\u00edvily t\u0159\u00eddy 3T a 4T formou exkurze leti\u0161t\u011b V\u00e1clava Havla. Vid\u011bli jsme gar\u00e1\u017ee se zimn\u00ed technikou &#8211; sn\u011bhov\u00e9 pluhy, fr\u00e9zy a dal\u0161\u00ed stroje nejen pro zimn\u00ed \u00fadr\u017ebu leti\u0161t\u011b. Sou\u010d\u00e1st\u00ed prohl\u00eddky vyhl\u00eddkov\u00fdm autobusem byly i \u010d\u00e1sti leti\u0161t\u011b Jih a Sever a Cargo z\u00f3na. Zhl\u00e9dli jsme odbaven\u00ed letadel p\u0159ed startem i po p\u0159ist\u00e1n\u00ed [&hellip;]<\/p>\n","protected":false},"author":5,"featured_media":0,"comment_status":"closed","ping_status":"open","sticky":false,"template":"","format":"standard","meta":{"_acf_changed":false,"footnotes":""},"categories":[1],"tags":[],"class_list":["post-1727","post","type-post","status-publish","format-standard","hentry","category-uncategorized"],"acf":[],"_links":{"self":[{"href":"https:\/\/www.prumkadc.cz\/index.php\/wp-json\/wp\/v2\/posts\/1727","targetHints":{"allow":["GET"]}}],"collection":[{"href":"https:\/\/www.prumkadc.cz\/index.php\/wp-json\/wp\/v2\/posts"}],"about":[{"href":"https:\/\/www.prumkadc.cz\/index.php\/wp-json\/wp\/v2\/types\/post"}],"author":[{"embeddable":true,"href":"https:\/\/www.prumkadc.cz\/index.php\/wp-json\/wp\/v2\/users\/5"}],"replies":[{"embeddable":true,"href":"https:\/\/www.prumkadc.cz\/index.php\/wp-json\/wp\/v2\/comments?post=1727"}],"version-history":[{"count":0,"href":"https:\/\/www.prumkadc.cz\/index.php\/wp-json\/wp\/v2\/posts\/1727\/revisions"}],"wp:attachment":[{"href":"https:\/\/www.prumkadc.cz\/index.php\/wp-json\/wp\/v2\/media?parent=1727"}],"wp:term":[{"taxonomy":"category","embeddable":true,"href":"https:\/\/www.prumkadc.cz\/index.php\/wp-json\/wp\/v2\/categories?post=1727"},{"taxonomy":"post_tag","embeddable":true,"href":"https:\/\/www.prumkadc.cz\/index.php\/wp-json\/wp\/v2\/tags?post=1727"}],"curies":[{"name":"wp","href":"https:\/\/api.w.org\/{rel}","templated":true}]}}