{"id":1769,"date":"2022-04-27T06:50:59","date_gmt":"2022-04-27T06:50:59","guid":{"rendered":"https:\/\/www.prumkadc.cz\/?p=1769"},"modified":"2022-04-27T07:49:47","modified_gmt":"2022-04-27T07:49:47","slug":"hala-junior","status":"publish","type":"post","link":"https:\/\/www.prumkadc.cz\/index.php\/2022\/04\/27\/hala-junior\/","title":{"rendered":"Hala roku 2022 JUNIOR"},"content":{"rendered":"\n<p>Po dvoulet\u00e9 covidov\u00e9 pauze se \u017e\u00e1ci na\u0161\u00ed \u0161koly op\u011bt z\u00fa\u010dastnili sout\u011b\u017ee HALA ROKU JUNIOR, a to v&nbsp;kategorii p\u0159edem p\u0159ipraven\u00fdch model\u016f.<\/p>\n\n\n\n<p>Letos n\u00e1s reprezentovali dva t\u00fdmy stava\u0159\u016f, a to David Proft, Ond\u0159ej Balda a Vojt\u011bch Balda, a Karol\u00edna M\u00ed\u0161kov\u00e1, Barbora P\u00edchov\u00e1 a Luk\u00e1\u0161 Ka\u0161ka.<\/p>\n\n\n\n<p>Kl\u00e1n\u00ed se na Stavebn\u00ed fakult\u011b \u010cVUT z\u00fa\u010dastnilo 26 t\u00fdm\u016f ze st\u0159edn\u00edch \u0161kol nap\u0159\u00ed\u010d \u010ceskou republikou.<\/p>\n\n\n\n<p>\u00dakolem sout\u011b\u017en\u00edch t\u00fdm\u016f bylo p\u0159edem (v&nbsp;dom\u00e1c\u00edm prost\u0159ed\u00ed) navrhnout a postavit z&nbsp;p\u0159edepsan\u00e9ho materi\u00e1lu model konstrukce p\u0159edstavuj\u00edc\u00ed v\u00fdsek typick\u00e9ho pole v\u00fdrobn\u00ed haly (dan\u00fdch parametr\u016f) o maxim\u00e1ln\u00ed hmotnosti kompletn\u00ed konstrukce 300 g.<\/p>\n\n\n\n<p>V&nbsp;den kon\u00e1n\u00ed sout\u011b\u017ee, po zv\u00e1\u017een\u00ed konstrukc\u00ed, do\u0161lo k&nbsp;zat\u011b\u017eovac\u00ed zkou\u0161ce \u2013 zat\u011b\u017eov\u00e1n\u00ed v&nbsp;\u010dasov\u00e9m limitu nebo do jej\u00edho kolapsu. Konstrukce modelu byla p\u0159i zat\u011b\u017eovac\u00ed zkou\u0161ce ulo\u017eena ve vlhk\u00e9m p\u00edsku a bylo docela slo\u017eit\u00e9 zajistit vyv\u00e1\u017eenou rovinnost plochy po celou dobu zat\u011b\u017eov\u00e1n\u00ed, na kterou se kladla z\u00e1va\u017e\u00ed. Sout\u011b\u017eilo se o nejefektivn\u011bj\u0161\u00ed model, tedy o model s&nbsp;nejv\u011bt\u0161\u00edm pom\u011brem mezi celkovou \u00fanosnost\u00ed modelu a jeho vlastn\u00ed hmotnost\u00ed.<\/p>\n\n\n\n<p>T\u00fdmu \u201eProft, Balda a Balda\u201c se povedlo sestrojit plnohodnotnou konstrukci s&nbsp;nejni\u017e\u0161\u00ed celkovou hmotnost\u00ed ze v\u0161ech sout\u011b\u017en\u00edch model\u016f.<\/p>\n\n\n\n<p>Na\u0161i reprezentanti se s&nbsp;v\u00fdzvami poprali se ct\u00ed a um\u00edstili se uprost\u0159ed sout\u011b\u017en\u00edho pole. <\/p>\n\n\n\n<p>D\u011bkujeme v\u0161em.<\/p>\n\n\n\n<p>Ing. Al\u017ebeta Bublov\u00e1<\/p>\n\n\n\n<figure class=\"wp-block-image size-large\"><img decoding=\"async\" src=\"https:\/\/www.prumkadc.cz\/wp-content\/uploads\/2022\/04\/IMG_20220422_073841-1024x768.jpg\" alt=\"\" class=\"wp-image-1771\"\/><\/figure>\n\n\n\n<figure class=\"wp-block-image size-large\"><img decoding=\"async\" src=\"https:\/\/www.prumkadc.cz\/wp-content\/uploads\/2022\/04\/IMG_20220422_074129-1024x768.jpg\" alt=\"\" class=\"wp-image-1772\"\/><\/figure>\n\n\n\n<figure class=\"wp-block-image size-large\"><img decoding=\"async\" src=\"https:\/\/www.prumkadc.cz\/wp-content\/uploads\/2022\/04\/IMG_20220422_101851-1024x768.jpg\" alt=\"\" class=\"wp-image-1773\"\/><\/figure>\n\n\n\n<figure class=\"wp-block-image size-large\"><img decoding=\"async\" src=\"https:\/\/www.prumkadc.cz\/wp-content\/uploads\/2022\/04\/IMG_20220422_101916-1024x768.jpg\" alt=\"\" class=\"wp-image-1774\"\/><\/figure>\n\n\n\n<figure class=\"wp-block-image size-large\"><img decoding=\"async\" src=\"https:\/\/www.prumkadc.cz\/wp-content\/uploads\/2022\/04\/IMG_20220422_102117-768x1024.jpg\" alt=\"\" class=\"wp-image-1775\"\/><\/figure>\n\n\n\n<figure class=\"wp-block-image size-large\"><img decoding=\"async\" src=\"https:\/\/www.prumkadc.cz\/wp-content\/uploads\/2022\/04\/IMG_20220422_103045-1024x768.jpg\" alt=\"\" class=\"wp-image-1776\"\/><\/figure>\n","protected":false},"excerpt":{"rendered":"<p>Po dvoulet\u00e9 covidov\u00e9 pauze se \u017e\u00e1ci na\u0161\u00ed \u0161koly op\u011bt z\u00fa\u010dastnili sout\u011b\u017ee HALA ROKU JUNIOR, a to v&nbsp;kategorii p\u0159edem p\u0159ipraven\u00fdch model\u016f. Letos n\u00e1s reprezentovali dva t\u00fdmy stava\u0159\u016f, a to David Proft, Ond\u0159ej Balda a Vojt\u011bch Balda, a Karol\u00edna M\u00ed\u0161kov\u00e1, Barbora P\u00edchov\u00e1 a Luk\u00e1\u0161 Ka\u0161ka. Kl\u00e1n\u00ed se na Stavebn\u00ed fakult\u011b \u010cVUT z\u00fa\u010dastnilo 26 t\u00fdm\u016f ze st\u0159edn\u00edch \u0161kol [&hellip;]<\/p>\n","protected":false},"author":5,"featured_media":0,"comment_status":"closed","ping_status":"open","sticky":false,"template":"","format":"standard","meta":{"_acf_changed":false,"footnotes":""},"categories":[1],"tags":[],"class_list":["post-1769","post","type-post","status-publish","format-standard","hentry","category-uncategorized"],"acf":[],"_links":{"self":[{"href":"https:\/\/www.prumkadc.cz\/index.php\/wp-json\/wp\/v2\/posts\/1769","targetHints":{"allow":["GET"]}}],"collection":[{"href":"https:\/\/www.prumkadc.cz\/index.php\/wp-json\/wp\/v2\/posts"}],"about":[{"href":"https:\/\/www.prumkadc.cz\/index.php\/wp-json\/wp\/v2\/types\/post"}],"author":[{"embeddable":true,"href":"https:\/\/www.prumkadc.cz\/index.php\/wp-json\/wp\/v2\/users\/5"}],"replies":[{"embeddable":true,"href":"https:\/\/www.prumkadc.cz\/index.php\/wp-json\/wp\/v2\/comments?post=1769"}],"version-history":[{"count":0,"href":"https:\/\/www.prumkadc.cz\/index.php\/wp-json\/wp\/v2\/posts\/1769\/revisions"}],"wp:attachment":[{"href":"https:\/\/www.prumkadc.cz\/index.php\/wp-json\/wp\/v2\/media?parent=1769"}],"wp:term":[{"taxonomy":"category","embeddable":true,"href":"https:\/\/www.prumkadc.cz\/index.php\/wp-json\/wp\/v2\/categories?post=1769"},{"taxonomy":"post_tag","embeddable":true,"href":"https:\/\/www.prumkadc.cz\/index.php\/wp-json\/wp\/v2\/tags?post=1769"}],"curies":[{"name":"wp","href":"https:\/\/api.w.org\/{rel}","templated":true}]}}