{"id":2721,"date":"2022-12-19T10:46:59","date_gmt":"2022-12-19T10:46:59","guid":{"rendered":"https:\/\/www.prumkadc.cz\/?p=2721"},"modified":"2023-02-17T09:06:06","modified_gmt":"2023-02-17T09:06:06","slug":"seminar-vysokorychlostni-trate-v-cr","status":"publish","type":"post","link":"https:\/\/www.prumkadc.cz\/index.php\/2022\/12\/19\/seminar-vysokorychlostni-trate-v-cr\/","title":{"rendered":"Semin\u00e1\u0159 &#8222;Vysokorychlostn\u00ed trat\u011b v&nbsp;\u010cR&#8220;"},"content":{"rendered":"\n<p><strong>Datum kon\u00e1n\u00ed: 8.&nbsp;a\u017e 9.&nbsp;\u00fanora 2023<\/strong>. <\/p>\n\n\n\n<p><strong>P\u0159ihl\u00e1\u0161ky do 31.ledna 2023<\/strong>.<\/p>\n\n\n\n<figure class=\"wp-block-image size-full\"><a href=\"https:\/\/docs.google.com\/forms\/d\/e\/1FAIpQLSe0s0BrVhZLZvfH4mlyq1V4ILiauZNr2sL271Ar2yNzpEFBaQ\/viewform?vc=0&amp;c=0&amp;w=1&amp;flr=0\"><img decoding=\"async\" src=\"https:\/\/www.prumkadc.cz\/wp-content\/uploads\/2022\/12\/prihlaska.jpg\" alt=\"\" class=\"wp-image-2765\"\/><\/a><\/figure>\n\n\n\n<p><strong>Semin\u00e1\u0159 po\u0159\u00e1d\u00e1<\/strong> <strong>VO\u0160 a SP\u0160 strojn\u00ed, stavebn\u00ed a dopravn\u00ed, D\u011b\u010d\u00edn, p.o<\/strong>. pod z\u00e1\u0161titou Gener\u00e1ln\u00edho \u0159editelstv\u00ed Spr\u00e1vy \u017eeleznic, s.o. a ve spolupr\u00e1ci se Spr\u00e1vou \u017eeleznic, s.o. Praha a Oblastn\u00ed komorou \u010cKAIT \u00dast\u00ed nad Labem.<\/p>\n\n\n\n<p><strong>Akce je za\u0159azena v&nbsp;projektu celo\u017eivotn\u00edho vzd\u011bl\u00e1v\u00e1n\u00ed \u010cKAIT.<\/strong><\/p>\n\n\n\n<p><strong>Cena semin\u00e1\u0159e:<\/strong><\/p>\n\n\n\n<p><strong>PREZEN\u010cN\u011a <\/strong><strong>\u2013 \u00fa\u010dastnick\u00fd poplatek \u010din\u00ed 3800&nbsp;K\u010d bez DPH.<\/strong>&nbsp; (Zahrnuje organiza\u010dn\u00ed zaji\u0161t\u011bn\u00ed, ob\u010derstven\u00ed, stravov\u00e1n\u00ed a ti\u0161t\u011bn\u00fd sborn\u00edk p\u0159edn\u00e1\u0161ek.)<\/p>\n\n\n\n<p><strong>ON-LINE \u2013 <\/strong><strong>\u00fa\u010dastnick\u00fd poplatek \u010din\u00ed 2600&nbsp;K\u010d bez DPH.<\/strong>&nbsp; (Zahrnuje organiza\u010dn\u00ed zaji\u0161t\u011bn\u00ed a sborn\u00edk p\u0159edn\u00e1\u0161ek, kter\u00fd bude zasl\u00e1n \u00fa\u010dastn\u00edk\u016fm elektronicky.)<\/p>\n\n\n\n<p><strong>P\u0159ihl\u00e1\u0161ky <\/strong>prost\u0159ednictv\u00edm formul\u00e1\u0159e<strong> na www.prumkadc.cz <\/strong>mo\u017eno pod\u00e1vat<strong> do &nbsp;31.&nbsp;ledna 2023<\/strong>. Po\u010det \u00fa\u010dastn\u00edk\u016f v&nbsp;s\u00e1le bude omezen, po\u010det on-line \u00fa\u010dastn\u00edk\u016f bude neomezen.<\/p>\n\n\n\n<p><strong>Sborn\u00edk p\u0159edn\u00e1\u0161ek <\/strong>bude vyd\u00e1n pod \u010d\u00edslem ISBN 978-80-905733-9-0.<\/p>\n\n\n\n<p><strong>Pokud m\u00e1te z\u00e1jem o reklamu va\u0161\u00ed firmy <\/strong>ve sborn\u00edku, v&nbsp;p\u0159edn\u00e1\u0161kov\u00e9m s\u00e1le, \u010di jinou formu, kontaktujte n\u00e1s pros\u00edm. Term\u00edn objedn\u00e1vky reklamy do sborn\u00edku a dod\u00e1n\u00ed podklad\u016f je <strong>do 24.&nbsp;ledna 2023.<\/strong><\/p>\n\n\n\n<p><strong>Cena reklamy:<\/strong><\/p>\n\n\n\n<p>&#8211; jednostr\u00e1nkov\u00fd inzer\u00e1t ve sborn\u00edku (A4)&nbsp;&nbsp;&nbsp;&nbsp; &nbsp;&nbsp;&nbsp;&nbsp;&nbsp;&nbsp;&nbsp; 5&nbsp;000&nbsp;K\u010d + DPH<\/p>\n\n\n\n<p>&#8211; \u00bd str\u00e1nkov\u00fd inzer\u00e1t ve sborn\u00edku (A5)&nbsp;&nbsp;&nbsp;&nbsp;&nbsp;&nbsp;&nbsp;&nbsp;&nbsp;&nbsp;&nbsp;&nbsp;&nbsp;&nbsp;&nbsp;&nbsp;&nbsp; 3&nbsp;000&nbsp;K\u010d + DPH<\/p>\n\n\n\n<p>&#8211; distribuce firemn\u00edch materi\u00e1l\u016f v&nbsp;s\u00e1le&nbsp;&nbsp;&nbsp;&nbsp;&nbsp;&nbsp;&nbsp;&nbsp;&nbsp;&nbsp;&nbsp;&nbsp;&nbsp;&nbsp;&nbsp;&nbsp;&nbsp;&nbsp;&nbsp; 2&nbsp;000&nbsp;K\u010d + DPH<\/p>\n\n\n\n<p>&#8211; instalace firemn\u00edho panelu v&nbsp;s\u00e1le&nbsp;&nbsp;&nbsp;&nbsp;&nbsp;&nbsp;&nbsp;&nbsp;&nbsp;&nbsp;&nbsp;&nbsp;&nbsp; &nbsp;&nbsp;&nbsp;&nbsp;&nbsp;&nbsp;&nbsp;&nbsp;&nbsp;&nbsp;&nbsp; 4&nbsp;000&nbsp;K\u010d + DPH<\/p>\n\n\n\n<p><strong>\u0160kola p\u0159edem d\u011bkuje za p\u0159\u00edpadn\u00e9 sponzorsk\u00e9 dary.<\/strong><\/p>\n\n\n\n<p><strong>Dal\u0161\u00ed informace:<\/strong><\/p>\n\n\n\n<p><strong>Mgr. Pavla Reimerov\u00e1<\/strong><\/p>\n\n\n\n<p>VO\u0160 a SP\u0160 strojn\u00ed, stavebn\u00ed a dopravn\u00ed, D\u011b\u010d\u00edn, p.o.<br>\u010csl. arm\u00e1dy 681\/10, D\u011b\u010d\u00edn I-D\u011b\u010d\u00edn, tel. 412&nbsp;516&nbsp;136, e-mail: <a href=\"mailto:info@prumkadc.cz\">info@prumkadc.cz<\/a><\/p>\n\n\n\n<p><\/p>\n\n\n\n<p><strong><em><mark style=\"background-color:rgba(0, 0, 0, 0)\" class=\"has-inline-color has-black-color\">Program semin\u00e1\u0159e<\/mark><\/em><\/strong><\/p>\n\n\n\n<p><strong><em><mark style=\"background-color:rgba(0, 0, 0, 0)\" class=\"has-inline-color has-vivid-red-color\">St\u0159eda 8.&nbsp;\u00fanora 2023<\/mark><\/em><\/strong><\/p>\n\n\n\n<p><strong>8:30 &#8211; 9:20<\/strong>  <strong>Prezence<\/strong><\/p>\n\n\n\n<p><strong>9:20<\/strong>   <strong>Zah\u00e1jen\u00ed semin\u00e1\u0159e<\/strong><br><em>Ing. Jana Vackov\u00e1 a host\u00e9<\/em><\/p>\n\n\n\n<p><strong>9:40<\/strong>   <strong>V\u00fdro\u010d\u00ed 20 let ve znamen\u00ed vysokorychlostn\u00edch trat\u00ed<\/strong><br><em>Ing. Pavel Kouck\u00fd, \u0159editel odboru person\u00e1ln\u00edho G\u0158 Spr\u00e1vy \u017eeleznic, s.o.<\/em>&nbsp;<\/p>\n\n\n\n<p><strong>10:00  Koncepce VRT v&nbsp;\u010cR<\/strong><br><em>Ing. Martin \u0160vehl\u00edk, Spr\u00e1va \u017eeleznic, s.o<\/em><\/p>\n\n\n\n<p><strong>10:20<\/strong>  <strong>Manu\u00e1l pro projektov\u00e1n\u00ed VRT a technika VRT<\/strong><br><em>Ing. Ji\u0159\u00ed Merta, Ing. Jan Janou\u0161ek, Spr\u00e1va \u017eeleznic, s.o.<\/em>&nbsp;<\/p>\n\n\n\n<p><strong>11:00 &#8211; 11:20 P\u0159est\u00e1vka<\/strong><\/p>\n\n\n\n<p><strong>11:20  P\u0159\u00edprava VRT Praha \u2013 \u00dast\u00ed nad Labem \u2013 Dr\u00e1\u017e\u010fany a Praha \u2013 Brno- Ostrava<\/strong><br><em>Ing. Pavel Hru\u0161ka, Ing. Marek Pinkava, Spr\u00e1va \u017eeleznic, s.o.<\/em>&nbsp;<\/p>\n\n\n\n<p><strong>12:00 &#8211; 13:20 P\u0159est\u00e1vka na ob\u011bd<\/strong><\/p>\n\n\n\n<p><strong>13:20  Poznatky a zku\u0161enosti z&nbsp;provozn\u00edho ov\u011b\u0159ov\u00e1n\u00ed v\u00fdhybekJ60-1:33,5-8000\/4000\/14000-PHS ve stanici Prosenice<\/strong>&nbsp;<br><em>Ing. Ji\u0159\u00ed Zatloukal, Ing. Anton\u00edn V\u00e9voda, DT V\u00fdhybk\u00e1rna a stroj\u00edrna, a.s. Prost\u011bjov&nbsp;<\/em><\/p>\n\n\n\n<p><strong>13:40  Geometrie a konstruk\u010dn\u00ed \u0159e\u0161en\u00ed&nbsp; v\u00fdhybkyJ60-1:55,3-15700\/7900\/28100-PHS pro VRT<\/strong><br><em>Ing. Luk\u00e1\u0161 Raif Ph.D., DT V\u00fdhybk\u00e1rna a stroj\u00edrna, a.s. Prost\u011bjov<\/em>&nbsp;<\/p>\n\n\n\n<p><strong>14:00  Anal\u00fdza vlastnost\u00ed konstruk\u010dn\u00ed vrstvy z&nbsp;asfaltov\u00e9ho betonu v&nbsp;\u00faseku Svitavy \u2013 Hradec nad Svitavou<\/strong><br><em>Ji\u0159\u00ed Posp\u00ed\u0161il, Leo\u0161 Horn\u00ed\u010dek, Jan Valentin, Ing. V\u00edt Lojda PhD., \u010cVUT Praha<\/em><\/p>\n\n\n\n<p><strong>14:10  Aktivity katedry \u017delezni\u010dn\u00edch staveb, Stavebn\u00ed fakulty, \u010cVUT Praha v&nbsp;oblasti VRT<\/strong><br><em>Ing. V\u00edt Lojda PhD., \u010cVUT Praha<\/em><\/p>\n\n\n\n<p><strong>14:20  \u017delezni\u010dn\u00ed spodek na VRT<\/strong><br><em>Ing. Petr B\u0159e\u0161\u0165ovsk\u00fd, Ph.D., Spr\u00e1va \u017eeleznic, s.o.<\/em><\/p>\n\n\n\n<p><strong>14:40<\/strong> <strong>Materi\u00e1l pro VRT<\/strong><br><em>Ing. Jan \u010cih\u00e1k, Spr\u00e1va \u017eeleznic, s.o.<\/em>&nbsp;<\/p>\n\n\n\n<p><strong>15:00  <strong>Vysokorychlostn\u00ed trat\u011b, jejich v\u00fdstavba a n\u00e1sledn\u00e1 \u00fadr\u017eba speci\u00e1ln\u00edmi stroji Plasser &amp; Theurer<\/strong><\/strong><br><em>Luk\u00e1\u0161 Kaiser, VHC Trade<\/em><\/p>\n\n\n\n<p><strong>16:00 &#8211; 18:30<\/strong> <strong>Dopl\u0148kov\u00fd odpoledn\u00ed program<\/strong> &#8211; <strong>exkurze<\/strong><\/p>\n\n\n\n<p><strong>19:00 &#8211; 24:00  Spole\u010densk\u00fd ve\u010der<\/strong><\/p>\n\n\n\n<p><\/p>\n\n\n\n<p><strong><em><mark style=\"background-color:rgba(0, 0, 0, 0)\" class=\"has-inline-color has-vivid-red-color\">\u010ctvrtek 9.&nbsp;\u00fanora 2023<\/mark><\/em><\/strong><\/p>\n\n\n\n<p><strong>8:00 &#8211; 8:20 Zah\u00e1jen\u00ed druh\u00e9ho dne semin\u00e1\u0159e<\/strong><\/p>\n\n\n\n<p><strong>8:20  Koncepce BIM z&nbsp;pohledu Spr\u00e1vy \u017deleznic<\/strong><br><em>Ing. Mariana Salavov\u00e1 , Spr\u00e1va \u017eeleznic s.o., G\u0158 &#8211; odbor strategie &#8211; odd. digitalizace stavebn\u00edch projekt\u016f<\/em><\/p>\n\n\n\n<p><strong>8:50 <\/strong> <strong>P\u0159\u00edprava projekt\u016f pro BIM<\/strong><br><em>Ing. Pavel Utinek DiS. Sudop Hradec Kr\u00e1lov\u00e9<\/em><\/p>\n\n\n\n<p><strong>9:20  Modernizace a dostavba \u017est. Masarykovo n\u00e1dra\u017e\u00ed<\/strong><br><em>Ing. Ivan Pomyk\u00e1\u010dek, SUDOP PRAHA a.s.<\/em><\/p>\n\n\n\n<p><strong>9:40 &#8211; 10:00 P\u0159est\u00e1vka<\/strong><\/p>\n\n\n\n<p><strong>10:00 Realizace projektu &#8222;Revitalizace a elektrizace trati Old\u0159ichov u Duchcova &#8211; Litv\u00ednov&#8220;<\/strong><br><em>Ing<\/em>. <em>Jan<\/em> <em>Mitl\u00f6hner, Skanska a.s.<\/em><\/p>\n\n\n\n<p><strong>10:20  Pou\u017eit\u00ed BIM a tvorba BIM modelu skute\u010dn\u00e9ho proveden\u00ed stavby na projektu &#8222;Revitalizace a elektrizace trati Old\u0159ichov u Duchcova &#8211; Litv\u00ednov&#8220;<\/strong><br><em>Martin \u0160najdr, Skanska a.s.<\/em><\/p>\n\n\n\n<p><strong>10:40 BIM v&nbsp;praxi na stavb\u00e1ch STRABAG Rail a.s.<\/strong><br><em>Ing. Roman Abraham, Ing. Jan Zagrapan, Strabag Rail, a.s.<\/em><\/p>\n\n\n\n<p><strong>11:20  Implement\u00e1cia BIM do vyu\u010dovacieho procesu<\/strong><br><em>Ing. Andrej Matejov , VUT v&nbsp;Brn\u011b<\/em><\/p>\n\n\n\n<p><strong>11:40  Work in the field of turnouts<\/strong><br><em>Mrs. Kluge, Mr. Ulf Gerber, TU Dr\u00e1\u017e\u010fany<\/em><\/p>\n\n\n\n<p><strong>11:55 <\/strong> <strong>Wide sleepers as a way to extend the life cycle of the railway track<\/strong><br><em>Michal Przybylowicz, TU Dr\u00e1\u017e\u010fany<\/em><\/p>\n","protected":false},"excerpt":{"rendered":"<p>Datum kon\u00e1n\u00ed: 8.&nbsp;a\u017e 9.&nbsp;\u00fanora 2023. P\u0159ihl\u00e1\u0161ky do 31.ledna 2023. Semin\u00e1\u0159 po\u0159\u00e1d\u00e1 VO\u0160 a SP\u0160 strojn\u00ed, stavebn\u00ed a dopravn\u00ed, D\u011b\u010d\u00edn, p.o. pod z\u00e1\u0161titou Gener\u00e1ln\u00edho \u0159editelstv\u00ed Spr\u00e1vy \u017eeleznic, s.o. a ve spolupr\u00e1ci se Spr\u00e1vou \u017eeleznic, s.o. Praha a Oblastn\u00ed komorou \u010cKAIT \u00dast\u00ed nad Labem. Akce je za\u0159azena v&nbsp;projektu celo\u017eivotn\u00edho vzd\u011bl\u00e1v\u00e1n\u00ed \u010cKAIT. Cena semin\u00e1\u0159e: PREZEN\u010cN\u011a \u2013 \u00fa\u010dastnick\u00fd poplatek [&hellip;]<\/p>\n","protected":false},"author":5,"featured_media":0,"comment_status":"closed","ping_status":"open","sticky":false,"template":"","format":"standard","meta":{"_acf_changed":false,"footnotes":""},"categories":[1],"tags":[],"class_list":["post-2721","post","type-post","status-publish","format-standard","hentry","category-uncategorized"],"acf":[],"_links":{"self":[{"href":"https:\/\/www.prumkadc.cz\/index.php\/wp-json\/wp\/v2\/posts\/2721","targetHints":{"allow":["GET"]}}],"collection":[{"href":"https:\/\/www.prumkadc.cz\/index.php\/wp-json\/wp\/v2\/posts"}],"about":[{"href":"https:\/\/www.prumkadc.cz\/index.php\/wp-json\/wp\/v2\/types\/post"}],"author":[{"embeddable":true,"href":"https:\/\/www.prumkadc.cz\/index.php\/wp-json\/wp\/v2\/users\/5"}],"replies":[{"embeddable":true,"href":"https:\/\/www.prumkadc.cz\/index.php\/wp-json\/wp\/v2\/comments?post=2721"}],"version-history":[{"count":0,"href":"https:\/\/www.prumkadc.cz\/index.php\/wp-json\/wp\/v2\/posts\/2721\/revisions"}],"wp:attachment":[{"href":"https:\/\/www.prumkadc.cz\/index.php\/wp-json\/wp\/v2\/media?parent=2721"}],"wp:term":[{"taxonomy":"category","embeddable":true,"href":"https:\/\/www.prumkadc.cz\/index.php\/wp-json\/wp\/v2\/categories?post=2721"},{"taxonomy":"post_tag","embeddable":true,"href":"https:\/\/www.prumkadc.cz\/index.php\/wp-json\/wp\/v2\/tags?post=2721"}],"curies":[{"name":"wp","href":"https:\/\/api.w.org\/{rel}","templated":true}]}}