{"id":2729,"date":"2022-12-21T07:15:15","date_gmt":"2022-12-21T07:15:15","guid":{"rendered":"https:\/\/www.prumkadc.cz\/?p=2729"},"modified":"2022-12-21T07:15:15","modified_gmt":"2022-12-21T07:15:15","slug":"stredoskolky-volejbal","status":"publish","type":"post","link":"https:\/\/www.prumkadc.cz\/index.php\/2022\/12\/21\/stredoskolky-volejbal\/","title":{"rendered":"St\u0159edo\u0161kolky &#8211; volejbal"},"content":{"rendered":"\n<p>Dne 16.12.&nbsp;se studenti VO\u0160 a SP\u0160 D\u011b\u010d\u00edn z\u00fa\u010dastnili okresn\u00edho fin\u00e1le st\u0159edn\u00edch \u0161kol ve volejbalu. Do cel\u00e9ho turnaje se mohly p\u0159ihl\u00e1sit v\u0161echny st\u0159edn\u00ed \u0161koly z\u00a0okresu D\u011b\u010d\u00edn a to jak v\u00a0kategorii chlapc\u016f, tak i d\u00edvek. Pro na\u0161e hr\u00e1\u010de se stala velice osudnou velikost t\u011blocvi\u010dny EOA, ve kter\u00e9 se turnaj odehr\u00e1val a tak z\u00a0toho vze\u0161lo nakonec celkov\u00e9 druh\u00e9 m\u00edsto pro na\u0161e chlapce a t\u0159et\u00ed m\u00edsto pro na\u0161e d\u00edvky. Velice d\u011bkujeme za reprezentaci.<\/p>\n\n\n\n<p>Mgr. Tom\u00e1\u0161 Eibl<\/p>\n\n\n\n<p><\/p>\n\n\n\n<figure class=\"wp-block-image size-large\"><img decoding=\"async\" src=\"https:\/\/www.prumkadc.cz\/wp-content\/uploads\/2022\/12\/volejbal5-768x1024.jpg\" alt=\"\" class=\"wp-image-2730\"\/><\/figure>\n\n\n\n<figure class=\"wp-block-image size-large\"><img decoding=\"async\" src=\"https:\/\/www.prumkadc.cz\/wp-content\/uploads\/2022\/12\/volejbal1-768x1024.jpg\" alt=\"\" class=\"wp-image-2731\"\/><\/figure>\n\n\n\n<figure class=\"wp-block-image size-large\"><img decoding=\"async\" src=\"https:\/\/www.prumkadc.cz\/wp-content\/uploads\/2022\/12\/volejbal3-768x1024.jpg\" alt=\"\" class=\"wp-image-2732\"\/><\/figure>\n","protected":false},"excerpt":{"rendered":"<p>Dne 16.12.&nbsp;se studenti VO\u0160 a SP\u0160 D\u011b\u010d\u00edn z\u00fa\u010dastnili okresn\u00edho fin\u00e1le st\u0159edn\u00edch \u0161kol ve volejbalu. Do cel\u00e9ho turnaje se mohly p\u0159ihl\u00e1sit v\u0161echny st\u0159edn\u00ed \u0161koly z\u00a0okresu D\u011b\u010d\u00edn a to jak v\u00a0kategorii chlapc\u016f, tak i d\u00edvek. Pro na\u0161e hr\u00e1\u010de se stala velice osudnou velikost t\u011blocvi\u010dny EOA, ve kter\u00e9 se turnaj odehr\u00e1val a tak z\u00a0toho vze\u0161lo nakonec celkov\u00e9 druh\u00e9 [&hellip;]<\/p>\n","protected":false},"author":5,"featured_media":0,"comment_status":"closed","ping_status":"open","sticky":false,"template":"","format":"standard","meta":{"_acf_changed":false,"footnotes":""},"categories":[1],"tags":[],"class_list":["post-2729","post","type-post","status-publish","format-standard","hentry","category-uncategorized"],"acf":[],"_links":{"self":[{"href":"https:\/\/www.prumkadc.cz\/index.php\/wp-json\/wp\/v2\/posts\/2729","targetHints":{"allow":["GET"]}}],"collection":[{"href":"https:\/\/www.prumkadc.cz\/index.php\/wp-json\/wp\/v2\/posts"}],"about":[{"href":"https:\/\/www.prumkadc.cz\/index.php\/wp-json\/wp\/v2\/types\/post"}],"author":[{"embeddable":true,"href":"https:\/\/www.prumkadc.cz\/index.php\/wp-json\/wp\/v2\/users\/5"}],"replies":[{"embeddable":true,"href":"https:\/\/www.prumkadc.cz\/index.php\/wp-json\/wp\/v2\/comments?post=2729"}],"version-history":[{"count":0,"href":"https:\/\/www.prumkadc.cz\/index.php\/wp-json\/wp\/v2\/posts\/2729\/revisions"}],"wp:attachment":[{"href":"https:\/\/www.prumkadc.cz\/index.php\/wp-json\/wp\/v2\/media?parent=2729"}],"wp:term":[{"taxonomy":"category","embeddable":true,"href":"https:\/\/www.prumkadc.cz\/index.php\/wp-json\/wp\/v2\/categories?post=2729"},{"taxonomy":"post_tag","embeddable":true,"href":"https:\/\/www.prumkadc.cz\/index.php\/wp-json\/wp\/v2\/tags?post=2729"}],"curies":[{"name":"wp","href":"https:\/\/api.w.org\/{rel}","templated":true}]}}