{"id":2830,"date":"2023-01-23T10:32:42","date_gmt":"2023-01-23T10:32:42","guid":{"rendered":"https:\/\/www.prumkadc.cz\/?p=2830"},"modified":"2023-01-23T11:01:02","modified_gmt":"2023-01-23T11:01:02","slug":"okresni-kolo-dejepisne-olympiady","status":"publish","type":"post","link":"https:\/\/www.prumkadc.cz\/index.php\/2023\/01\/23\/okresni-kolo-dejepisne-olympiady\/","title":{"rendered":"Okresn\u00ed kolo D\u011bjepisn\u00e9 olympi\u00e1dy"},"content":{"rendered":"\n<p>Ve \u010dtvrtek 19.1.2023 se v\u00a0budov\u011b Magistr\u00e1tu m\u011bsta D\u011b\u010d\u00edna uskute\u010dnilo okresn\u00ed kolo D\u011bjepisn\u00e9 olympi\u00e1dy. Na\u0161i \u0161kolu reprezentovali studenti Dominik Hanu\u0161 (E4), Jaroslav Ma\u0165a\u0161 (E3) a Maty\u00e1\u0161 Unger (E2B), kte\u0159\u00ed se ve \u0161koln\u00edm kole um\u00edstili na prvn\u00edch t\u0159ech m\u00edstech.<\/p>\n\n\n\n<p>Z\u00e1jemci o historii \u0159e\u0161ili \u00fakoly na t\u00e9ma \u201eRozd\u011blen\u00fd sv\u011bt a \u010ceskoslovensko v&nbsp;n\u011bm \u2013 1945 \u2013 1992\u201c, pracovali s&nbsp;mapou Evropy, dobov\u00fdmi dokumenty i spoustou obrazov\u00e9ho materi\u00e1lu.<\/p>\n\n\n\n<p>Na\u0161i studenti se mezi ostatn\u00edmi st\u0159edo\u0161kol\u00e1ky neztratili. Jaroslav Ma\u0165a\u0161 se um\u00edstil na kr\u00e1sn\u00e9m 3.&nbsp;m\u00edst\u011b a ve h\u0159e je tak mo\u017en\u00fd postup do kola krajsk\u00e9ho. Gratulujeme!<\/p>\n\n\n\n<p>Mgr. Simona Wisurov\u00e1<\/p>\n","protected":false},"excerpt":{"rendered":"<p>Ve \u010dtvrtek 19.1.2023 se v\u00a0budov\u011b Magistr\u00e1tu m\u011bsta D\u011b\u010d\u00edna uskute\u010dnilo okresn\u00ed kolo D\u011bjepisn\u00e9 olympi\u00e1dy. Na\u0161i \u0161kolu reprezentovali studenti Dominik Hanu\u0161 (E4), Jaroslav Ma\u0165a\u0161 (E3) a Maty\u00e1\u0161 Unger (E2B), kte\u0159\u00ed se ve \u0161koln\u00edm kole um\u00edstili na prvn\u00edch t\u0159ech m\u00edstech. Z\u00e1jemci o historii \u0159e\u0161ili \u00fakoly na t\u00e9ma \u201eRozd\u011blen\u00fd sv\u011bt a \u010ceskoslovensko v&nbsp;n\u011bm \u2013 1945 \u2013 1992\u201c, pracovali s&nbsp;mapou [&hellip;]<\/p>\n","protected":false},"author":5,"featured_media":0,"comment_status":"closed","ping_status":"open","sticky":false,"template":"","format":"standard","meta":{"_acf_changed":false,"footnotes":""},"categories":[1],"tags":[],"class_list":["post-2830","post","type-post","status-publish","format-standard","hentry","category-uncategorized"],"acf":[],"_links":{"self":[{"href":"https:\/\/www.prumkadc.cz\/index.php\/wp-json\/wp\/v2\/posts\/2830","targetHints":{"allow":["GET"]}}],"collection":[{"href":"https:\/\/www.prumkadc.cz\/index.php\/wp-json\/wp\/v2\/posts"}],"about":[{"href":"https:\/\/www.prumkadc.cz\/index.php\/wp-json\/wp\/v2\/types\/post"}],"author":[{"embeddable":true,"href":"https:\/\/www.prumkadc.cz\/index.php\/wp-json\/wp\/v2\/users\/5"}],"replies":[{"embeddable":true,"href":"https:\/\/www.prumkadc.cz\/index.php\/wp-json\/wp\/v2\/comments?post=2830"}],"version-history":[{"count":0,"href":"https:\/\/www.prumkadc.cz\/index.php\/wp-json\/wp\/v2\/posts\/2830\/revisions"}],"wp:attachment":[{"href":"https:\/\/www.prumkadc.cz\/index.php\/wp-json\/wp\/v2\/media?parent=2830"}],"wp:term":[{"taxonomy":"category","embeddable":true,"href":"https:\/\/www.prumkadc.cz\/index.php\/wp-json\/wp\/v2\/categories?post=2830"},{"taxonomy":"post_tag","embeddable":true,"href":"https:\/\/www.prumkadc.cz\/index.php\/wp-json\/wp\/v2\/tags?post=2830"}],"curies":[{"name":"wp","href":"https:\/\/api.w.org\/{rel}","templated":true}]}}