{"id":2896,"date":"2023-03-07T08:18:43","date_gmt":"2023-03-07T08:18:43","guid":{"rendered":"https:\/\/www.prumkadc.cz\/?p=2896"},"modified":"2023-03-07T08:18:43","modified_gmt":"2023-03-07T08:18:43","slug":"jubilejni-20-seminar-na-decinske-prumyslovce","status":"publish","type":"post","link":"https:\/\/www.prumkadc.cz\/index.php\/2023\/03\/07\/jubilejni-20-seminar-na-decinske-prumyslovce\/","title":{"rendered":"Jubilejn\u00ed 20.&nbsp;semin\u00e1\u0159 na d\u011b\u010d\u00ednsk\u00e9 pr\u016fmyslovce"},"content":{"rendered":"\n<p>P\u0159edn\u00e1\u0161kov\u00fd s\u00e1l na VO\u0160 a SP\u0160 v&nbsp;D\u011b\u010d\u00edn\u011b byl ve dnech 8.&nbsp;a 9.&nbsp;\u00fanora 2023 zapln\u011bn do posledn\u00edho m\u00edste\u010dka odbornou ve\u0159ejnost\u00ed z&nbsp;\u0159ad zhotovitel\u016f, investor\u016f, spr\u00e1vc\u016f a vyu\u010duj\u00edc\u00edch a student\u016f vy\u0161\u0161\u00edch odborn\u00fdch a vysok\u00fdch \u0161kol. Konal se zde tradi\u010dn\u00ed dvoudenn\u00ed semin\u00e1\u0159 se \u017eelezni\u010dn\u00ed t\u00e9matikou tentokr\u00e1t s&nbsp;n\u00e1zvem Vysokorychlostn\u00ed trat\u011b v&nbsp;\u010cR. Semin\u00e1\u0159 byl p\u0159ipraven v&nbsp;\u00fazk\u00e9 spolupr\u00e1ci s&nbsp;Gener\u00e1ln\u00edm \u0159editelstv\u00edm Spr\u00e1vy \u017eeleznic, s.o. a Oblastn\u00ed komorou \u010cKAIT \u00dast\u00ed nad Labem, kter\u00e1 akci za\u0159adila do projektu celo\u017eivotn\u00edho vzd\u011bl\u00e1v\u00e1n\u00ed. Z\u00e1\u0161titu nad celou akc\u00ed p\u0159evzal gener\u00e1ln\u00ed \u0159editel Spr\u00e1vy \u017eeleznic pan Bc. Ji\u0159\u00ed Svoboda, MBA.<\/p>\n\n\n\n<p>Semin\u00e1\u0159 slavnostn\u011b zah\u00e1jil \u0159editel person\u00e1ln\u00edho odboru gener\u00e1ln\u00edho \u0159editelstv\u00ed Spr\u00e1vy \u017eeleznic s.o. Ing. Pavel Kouck\u00fd, kter\u00fd vyj\u00e1d\u0159il podporu cel\u00e9mu semin\u00e1\u0159i a po\u0159adatelsk\u00e9 \u0161kole.&nbsp; D\u00e1le \u00fa\u010dastn\u00edky pozdravil Ing. Martin Ka\u0161par, \u0159editel oblastn\u00edho \u0159editelstv\u00ed \u00dast\u00ed nad Labem Spr\u00e1vy \u017eeleznic a Ing. Martin Mand\u00edk, p\u0159edseda oblastn\u00ed kancel\u00e1\u0159e \u00dast\u00ed nad Labem \u010cKAIT, kter\u00fd byl pot\u011b\u0161en tradic\u00ed t\u00e9to akce. V\u0161echny p\u0159\u00edtomn\u00e9 v&nbsp;D\u011b\u010d\u00edn\u011b p\u0159iv\u00edtal Ing. Ji\u0159\u00ed And\u011bl, prim\u00e1tor statut\u00e1rn\u00edho m\u011bsta D\u011b\u010d\u00edn a ocenil z\u00e1jem tak \u00fazce specializovan\u00fdch odborn\u00edk\u016f.<\/p>\n\n\n\n<p>V r\u00e1mci zah\u00e1jen\u00ed semin\u00e1\u0159e zd\u016fraznila \u0159editelka \u0161koly Ing. Jana Vackov\u00e1 v\u00fdznam leto\u0161n\u00edho jubilejn\u00edho 20.semin\u00e1\u0159e. P\u0159ipomn\u011bla, \u017ee obor \u017delezni\u010dn\u00ed stavitelstv\u00ed se na d\u011b\u010d\u00ednsk\u00e9 pr\u016fmyslovce za\u010dal vyu\u010dovat v&nbsp;roce 1973 a prvn\u00ed semin\u00e1\u0159 se konal v&nbsp;roce 2003. Tehdy s&nbsp;my\u0161lenkou uspo\u0159\u00e1dat semin\u00e1\u0159 p\u0159i\u0161el extern\u00ed u\u010ditel doc. Ing. Josef Plechat\u00fd a za podpory tehdej\u0161\u00edho \u0159editele Ing. Jana Vyhn\u00e1lka se odstartovalo ka\u017edoro\u010dn\u00ed po\u0159\u00e1d\u00e1n\u00ed semin\u00e1\u0159\u016f. Od roku 2006 se \u201eotcem\u201c semin\u00e1\u0159\u016f stal Ing. Jaroslav Hor\u00e1k, kter\u00fd p\u0159ipravuje semin\u00e1\u0159e dodnes. Ing. Jana Vackov\u00e1 se ve sv\u00e9 prezentaci ohl\u00e9dla zp\u011bt a t\u011bchto 20 let po\u0159\u00e1d\u00e1n\u00ed semin\u00e1\u0159\u016f v&nbsp;D\u011b\u010d\u00edn\u011b kr\u00e1tce zhodnotila. Historick\u00e9 fotografie a koment\u00e1\u0159 prezentace \u00fa\u010dastn\u00edky mile p\u0159ekvapil a informace, \u017ee \u0161kola vydala ke 20.&nbsp;v\u00fdro\u010d\u00ed semin\u00e1\u0159\u016f almanach s&nbsp;programem v\u0161ech setk\u00e1n\u00ed a s&nbsp;mno\u017estv\u00edm fotografi\u00ed v\u0161echny pot\u011b\u0161il.<\/p>\n\n\n\n<p>Hlavn\u00edm t\u00e9matem semin\u00e1\u0159e byla problematika vysokorychlostn\u00edch trat\u00edch v&nbsp;\u010cR. D\u00edky ochot\u011b Ing. Martina \u0160vehl\u00edka a jeho spolupracovn\u00edk\u016f ze Spr\u00e1vy \u017eeleznic jsme z\u00edskali ucelen\u00fd soubor informac\u00ed o koncepci VRT, o z\u00e1sad\u00e1ch projektov\u00e1n\u00ed a o stavu p\u0159\u00edprav prvn\u00edch \u00fasek\u016f. Se z\u00e1jmem \u00fa\u010dastn\u00edci semin\u00e1\u0159e sledovali informace o hodnocen\u00ed zku\u0161ebn\u00edch \u00fasek\u016f na provozovan\u00fdch trat\u00edch, kde se ov\u011b\u0159uj\u00ed sou\u010d\u00e1sti \u017eelezni\u010dn\u00edho spodku i svr\u0161ku ur\u010den\u00e9 pro v\u00fdstavbu VRT. Neopomenula se ani technologie a pracovn\u00ed stroje pot\u0159ebn\u00e9 pro v\u00fdstavbu VRT.<\/p>\n\n\n\n<p>Druh\u00e1 \u010d\u00e1st semin\u00e1\u0159e se v\u011bnovala aktu\u00e1ln\u00ed problematice BIM, kter\u00e1 prov\u00e1z\u00ed p\u0159\u00edpravu, projektov\u00e1n\u00ed, v\u00fdstavbu, udr\u017eov\u00e1n\u00ed a u\u017e\u00edv\u00e1n\u00ed staveb. Prezentace o vyu\u017eit\u00ed BIMu a jeho ov\u011b\u0159ov\u00e1n\u00ed v&nbsp;pilotn\u00edch programech ochotn\u011b p\u0159ipravili z\u00e1stupci investora pracovn\u00edci Spr\u00e1vy \u017eeleznic, z\u00e1stupci odborn\u00fdch firem projek\u010dn\u00edch \u2013 SUDOP Praha a z\u00e1stupci z&nbsp;\u0159ad zhotovitel\u016f &#8211; STRABAG Rail, a Skanska .<\/p>\n\n\n\n<p>Stejn\u011b jako na minul\u00fdch ro\u010dn\u00edc\u00edch se na programu pod\u00edlely vysok\u00e9 \u0161koly \u2013 letos konkr\u00e9tn\u011b VUT v&nbsp;Brn\u011b, \u010cVUT Praha a Technick\u00e1 univerzita Dr\u00e1\u017e\u010fany.<\/p>\n\n\n\n<p>V r\u00e1mci doprovodn\u00e9ho programu si \u00fa\u010dastn\u00edci prohl\u00e9dli popul\u00e1rn\u00ed Past\u00fd\u0159skou st\u011bnu a n\u011bkte\u0159\u00ed vystoupali na vyhl\u00eddku, aby se pokochali v\u00fdhledem na D\u011b\u010d\u00edn. Proch\u00e1zka byla ukon\u010dena v&nbsp;d\u011b\u010d\u00ednsk\u00e9 synagoze, kde z\u00e1jemce \u010dekala komentovan\u00e1 prohl\u00eddka a na z\u00e1v\u011br koncert p\u011bveck\u00e9ho souboru SaH.<\/p>\n\n\n\n<p>Odborn\u00e9 i neform\u00e1ln\u00ed diskuze pokra\u010dovaly i ve ve\u010dern\u00edch hodin\u00e1ch hotelu Kocanda,, navazovaly se dal\u0161\u00ed p\u0159\u00e1telsk\u00e9 kontakty a zazn\u011bla pochvaln\u00e1 slova na \u00fa\u010det \u0161koly a po\u0159\u00e1dan\u00e9ho semin\u00e1\u0159e.<\/p>\n\n\n\n<p>Ing. Jana Vackov\u00e1<\/p>\n\n\n\n<figure class=\"wp-block-image size-large\"><img decoding=\"async\" src=\"https:\/\/www.prumkadc.cz\/wp-content\/uploads\/2023\/03\/seminar_2023_01-1024x768.jpg\" alt=\"\" class=\"wp-image-2897\"\/><\/figure>\n\n\n\n<figure class=\"wp-block-image size-large\"><img decoding=\"async\" src=\"https:\/\/www.prumkadc.cz\/wp-content\/uploads\/2023\/03\/IMG_20230208_175803-771x1024.jpg\" alt=\"\" class=\"wp-image-2898\"\/><\/figure>\n\n\n\n<figure class=\"wp-block-image size-large\"><img decoding=\"async\" src=\"https:\/\/www.prumkadc.cz\/wp-content\/uploads\/2023\/03\/FIL_0805-1024x682.jpg\" alt=\"\" class=\"wp-image-2899\"\/><\/figure>\n\n\n\n<figure class=\"wp-block-image size-large\"><img decoding=\"async\" src=\"https:\/\/www.prumkadc.cz\/wp-content\/uploads\/2023\/03\/FIL_0957-1024x682.jpg\" alt=\"\" class=\"wp-image-2900\"\/><\/figure>\n","protected":false},"excerpt":{"rendered":"<p>P\u0159edn\u00e1\u0161kov\u00fd s\u00e1l na VO\u0160 a SP\u0160 v&nbsp;D\u011b\u010d\u00edn\u011b byl ve dnech 8.&nbsp;a 9.&nbsp;\u00fanora 2023 zapln\u011bn do posledn\u00edho m\u00edste\u010dka odbornou ve\u0159ejnost\u00ed z&nbsp;\u0159ad zhotovitel\u016f, investor\u016f, spr\u00e1vc\u016f a vyu\u010duj\u00edc\u00edch a student\u016f vy\u0161\u0161\u00edch odborn\u00fdch a vysok\u00fdch \u0161kol. Konal se zde tradi\u010dn\u00ed dvoudenn\u00ed semin\u00e1\u0159 se \u017eelezni\u010dn\u00ed t\u00e9matikou tentokr\u00e1t s&nbsp;n\u00e1zvem Vysokorychlostn\u00ed trat\u011b v&nbsp;\u010cR. Semin\u00e1\u0159 byl p\u0159ipraven v&nbsp;\u00fazk\u00e9 spolupr\u00e1ci s&nbsp;Gener\u00e1ln\u00edm \u0159editelstv\u00edm Spr\u00e1vy \u017eeleznic, [&hellip;]<\/p>\n","protected":false},"author":5,"featured_media":0,"comment_status":"closed","ping_status":"open","sticky":false,"template":"","format":"standard","meta":{"_acf_changed":false,"footnotes":""},"categories":[1],"tags":[],"class_list":["post-2896","post","type-post","status-publish","format-standard","hentry","category-uncategorized"],"acf":[],"_links":{"self":[{"href":"https:\/\/www.prumkadc.cz\/index.php\/wp-json\/wp\/v2\/posts\/2896","targetHints":{"allow":["GET"]}}],"collection":[{"href":"https:\/\/www.prumkadc.cz\/index.php\/wp-json\/wp\/v2\/posts"}],"about":[{"href":"https:\/\/www.prumkadc.cz\/index.php\/wp-json\/wp\/v2\/types\/post"}],"author":[{"embeddable":true,"href":"https:\/\/www.prumkadc.cz\/index.php\/wp-json\/wp\/v2\/users\/5"}],"replies":[{"embeddable":true,"href":"https:\/\/www.prumkadc.cz\/index.php\/wp-json\/wp\/v2\/comments?post=2896"}],"version-history":[{"count":0,"href":"https:\/\/www.prumkadc.cz\/index.php\/wp-json\/wp\/v2\/posts\/2896\/revisions"}],"wp:attachment":[{"href":"https:\/\/www.prumkadc.cz\/index.php\/wp-json\/wp\/v2\/media?parent=2896"}],"wp:term":[{"taxonomy":"category","embeddable":true,"href":"https:\/\/www.prumkadc.cz\/index.php\/wp-json\/wp\/v2\/categories?post=2896"},{"taxonomy":"post_tag","embeddable":true,"href":"https:\/\/www.prumkadc.cz\/index.php\/wp-json\/wp\/v2\/tags?post=2896"}],"curies":[{"name":"wp","href":"https:\/\/api.w.org\/{rel}","templated":true}]}}