{"id":2903,"date":"2023-03-07T09:57:21","date_gmt":"2023-03-07T09:57:21","guid":{"rendered":"https:\/\/www.prumkadc.cz\/?p=2903"},"modified":"2023-03-17T09:45:43","modified_gmt":"2023-03-17T09:45:43","slug":"recitacni-soutez","status":"publish","type":"post","link":"https:\/\/www.prumkadc.cz\/index.php\/2023\/03\/07\/recitacni-soutez\/","title":{"rendered":"Recita\u010dn\u00ed sout\u011b\u017e"},"content":{"rendered":"\n<p>Dne&nbsp; 2.&nbsp;3.&nbsp;2023 prob\u011bhla 4.&nbsp;a 5.&nbsp;vyu\u010dovac\u00ed hodinu recita\u010dn\u00ed sout\u011b\u017e, kter\u00e9 se z\u00fa\u010dastnili recit\u00e1to\u0159i a recit\u00e1torky na\u0161\u00ed \u0161koly.<\/p>\n\n\n\n<p>Porotcov\u00e1n\u00ed se ujali Radek Jur\u010d\u00e1k &nbsp;a pan\u00ed u\u010ditelky K\u0159es\u0165anov\u00e1 a Bajerov\u00e1. Radek &nbsp;se p\u0159edstavil tak\u00e9 v&nbsp;roli moder\u00e1tora. &nbsp;Skv\u011ble &nbsp;n\u00e1s provedl celou sout\u011b\u017e\u00ed.<\/p>\n\n\n\n<p>Reperto\u00e1r b\u00e1sn\u00ed byl &nbsp;velmi pestr\u00fd. Dokonce zazn\u011bla recitace ve \u0161pan\u011blsk\u00e9m jazyce, kter\u00e1 byla vz\u00e1p\u011bt\u00ed p\u0159elo\u017eena do \u010de\u0161tiny.<\/p>\n\n\n\n<p>Po dlouh\u00e9m &nbsp;rozhodov\u00e1n\u00ed, kter\u00e9 nebylo opravdu v\u016fbec jednoduch\u00e9, vyhl\u00e1sila &nbsp;porota celkem p\u011bt m\u00edst.&nbsp;<\/p>\n\n\n\n<p>Prvn\u00ed \u00a0m\u00edsto obsadil \u00a0Pavol Fuka ze 4Z za sv\u016fj \u00a0vynikaj\u00edc\u00ed p\u0159ednes\u00a0 autorsk\u00e9ho textu. Na druh\u00e9m \u00a0m\u00edst\u011b se um\u00edstil Franti\u0161ek Salava ze 3A, kter\u00fd p\u0159ednesl takt\u00e9\u017e svou vlastn\u00ed tvorbu. \u00a0T\u0159et\u00ed m\u00edsto \u00a0obsadila B\u00e1ra Bryndov\u00e1 z\u00a01T.\u00a0 N\u00e1sledovala Barbora Bumbov\u00e1 \u00a0na \u010dtvrt\u00e9m m\u00edst\u011b \u00a0a o p\u00e1t\u00e9 m\u00edsto se pod\u011blili \u00a0Beatrice Kr\u00e1lov\u00e1 ze 2A a Denis Hellinger z\u00a01Z\u00a0.<\/p>\n\n\n\n<p>Odm\u011bnou&nbsp; nebyly jenom diplomy pro v\u00edt\u011bze a sladkosti pro v\u0161echny, ale hlavn\u011b p\u0159\u00edjemn\u00e1 atmosf\u00e9ra, kter\u00e1 tu b\u011bhem sout\u011b\u017ee panovala.<\/p>\n\n\n\n<p>D\u011bkujeme v\u0161em recit\u00e1tor\u016fm a recit\u00e1tork\u00e1m &nbsp;za \u00fa\u010dast a t\u011b\u0161\u00edme se na dal\u0161\u00ed shled\u00e1n\u00ed.<\/p>\n\n\n\n<p>BYLI JSTE SUPER!<\/p>\n\n\n\n<p>Mgr. Kristina Bajerov\u00e1&nbsp;&nbsp;<\/p>\n\n\n\n<figure class=\"wp-block-image size-large\"><img decoding=\"async\" src=\"https:\/\/www.prumkadc.cz\/wp-content\/uploads\/2023\/03\/IMG_5524-1024x683.jpg\" alt=\"\" class=\"wp-image-2904\"\/><\/figure>\n\n\n\n<p>I pr\u016fmka sv\u00e9 um\u011blce m\u00e1,<br>je to hl\u00e1\u0161ka z\u0159ejm\u00e1, pravdiv\u00e1.<br>Nejen \u017ee se k&nbsp;recitaci p\u0159ihl\u00e1sili,<br>sv\u00e1 autorsk\u00e1 d\u00edla zve\u0159ejnili.<br>Leto\u0161n\u00ed ro\u010dn\u00edk na p\u0159ekvapen\u00ed skoup\u00fd nebyl,<br>snad i \u010de\u0161tin\u00e1\u0159ky na tom m\u011bly sv\u016fj pod\u00edl&#8230;.<br>D\u011bkujeme z\u00fa\u010dastn\u011bn\u00fdm za p\u0159ednes,<br>emoce jsou z\u0159ejm\u00e9 a\u017e dodnes&#8230;<\/p>\n\n\n\n<p>Ing. Sv\u011btlana Ple\u0161kov\u00e1<\/p>\n\n\n\n<figure class=\"wp-block-image size-large\"><img decoding=\"async\" src=\"https:\/\/www.prumkadc.cz\/wp-content\/uploads\/2023\/03\/IMG_5431-1024x683.jpg\" alt=\"\" class=\"wp-image-2905\"\/><\/figure>\n\n\n\n<figure class=\"wp-block-image size-large\"><img decoding=\"async\" src=\"https:\/\/www.prumkadc.cz\/wp-content\/uploads\/2023\/03\/IMG_5446-1024x683.jpg\" alt=\"\" class=\"wp-image-2906\"\/><\/figure>\n\n\n\n<figure class=\"wp-block-image size-large\"><img decoding=\"async\" src=\"https:\/\/www.prumkadc.cz\/wp-content\/uploads\/2023\/03\/IMG_5489-1024x683.jpg\" alt=\"\" class=\"wp-image-2907\"\/><\/figure>\n\n\n\n<figure class=\"wp-block-image size-large\"><img decoding=\"async\" src=\"https:\/\/www.prumkadc.cz\/wp-content\/uploads\/2023\/03\/IMG_5506-1024x683.jpg\" alt=\"\" class=\"wp-image-2908\"\/><\/figure>\n\n\n\n<figure class=\"wp-block-image size-large\"><img decoding=\"async\" src=\"https:\/\/www.prumkadc.cz\/wp-content\/uploads\/2023\/03\/IMG_5514-1024x683.jpg\" alt=\"\" class=\"wp-image-2909\"\/><\/figure>\n\n\n\n<figure class=\"wp-block-image size-large\"><img decoding=\"async\" src=\"https:\/\/www.prumkadc.cz\/wp-content\/uploads\/2023\/03\/IMG_5520-1024x682.jpg\" alt=\"\" class=\"wp-image-2910\"\/><\/figure>\n","protected":false},"excerpt":{"rendered":"<p>Dne&nbsp; 2.&nbsp;3.&nbsp;2023 prob\u011bhla 4.&nbsp;a 5.&nbsp;vyu\u010dovac\u00ed hodinu recita\u010dn\u00ed sout\u011b\u017e, kter\u00e9 se z\u00fa\u010dastnili recit\u00e1to\u0159i a recit\u00e1torky na\u0161\u00ed \u0161koly. Porotcov\u00e1n\u00ed se ujali Radek Jur\u010d\u00e1k &nbsp;a pan\u00ed u\u010ditelky K\u0159es\u0165anov\u00e1 a Bajerov\u00e1. Radek &nbsp;se p\u0159edstavil tak\u00e9 v&nbsp;roli moder\u00e1tora. &nbsp;Skv\u011ble &nbsp;n\u00e1s provedl celou sout\u011b\u017e\u00ed. Reperto\u00e1r b\u00e1sn\u00ed byl &nbsp;velmi pestr\u00fd. Dokonce zazn\u011bla recitace ve \u0161pan\u011blsk\u00e9m jazyce, kter\u00e1 byla vz\u00e1p\u011bt\u00ed p\u0159elo\u017eena do \u010de\u0161tiny. [&hellip;]<\/p>\n","protected":false},"author":5,"featured_media":0,"comment_status":"closed","ping_status":"open","sticky":false,"template":"","format":"standard","meta":{"_acf_changed":false,"footnotes":""},"categories":[1],"tags":[],"class_list":["post-2903","post","type-post","status-publish","format-standard","hentry","category-uncategorized"],"acf":[],"_links":{"self":[{"href":"https:\/\/www.prumkadc.cz\/index.php\/wp-json\/wp\/v2\/posts\/2903","targetHints":{"allow":["GET"]}}],"collection":[{"href":"https:\/\/www.prumkadc.cz\/index.php\/wp-json\/wp\/v2\/posts"}],"about":[{"href":"https:\/\/www.prumkadc.cz\/index.php\/wp-json\/wp\/v2\/types\/post"}],"author":[{"embeddable":true,"href":"https:\/\/www.prumkadc.cz\/index.php\/wp-json\/wp\/v2\/users\/5"}],"replies":[{"embeddable":true,"href":"https:\/\/www.prumkadc.cz\/index.php\/wp-json\/wp\/v2\/comments?post=2903"}],"version-history":[{"count":0,"href":"https:\/\/www.prumkadc.cz\/index.php\/wp-json\/wp\/v2\/posts\/2903\/revisions"}],"wp:attachment":[{"href":"https:\/\/www.prumkadc.cz\/index.php\/wp-json\/wp\/v2\/media?parent=2903"}],"wp:term":[{"taxonomy":"category","embeddable":true,"href":"https:\/\/www.prumkadc.cz\/index.php\/wp-json\/wp\/v2\/categories?post=2903"},{"taxonomy":"post_tag","embeddable":true,"href":"https:\/\/www.prumkadc.cz\/index.php\/wp-json\/wp\/v2\/tags?post=2903"}],"curies":[{"name":"wp","href":"https:\/\/api.w.org\/{rel}","templated":true}]}}