{"id":4119,"date":"2023-11-13T08:30:28","date_gmt":"2023-11-13T08:30:28","guid":{"rendered":"https:\/\/www.prumkadc.cz\/?p=4119"},"modified":"2023-11-13T08:30:30","modified_gmt":"2023-11-13T08:30:30","slug":"mala-slavnost-na-prumyslovce","status":"publish","type":"post","link":"https:\/\/www.prumkadc.cz\/index.php\/2023\/11\/13\/mala-slavnost-na-prumyslovce\/","title":{"rendered":"Mal\u00e1 slavnost na pr\u016fmyslovce"},"content":{"rendered":"\n<p>V p\u00e1tek 10.&nbsp;11.&nbsp;2023 prob\u011bhla na VO\u0160 a SP\u0160 D\u011b\u010d\u00edn mal\u00e1 slavnost, kdy p\u0159edstavitel\u00e9 d\u011b\u010d\u00ednsk\u00e9 spole\u010dnosti Constellium Extrusions s.r.o. ofici\u00e1ln\u011b p\u0159edali \u017e\u00e1k\u016fm pracovn\u00ed oble\u010den\u00ed, kter\u00e9 \u017e\u00e1ci vyu\u017eij\u00ed p\u0159i v\u00fduce praxe ve \u0161koln\u00edch d\u00edln\u00e1ch. Zmi\u0148ovan\u00e1 firma pracovn\u00ed oble\u010den\u00ed poskytla ji\u017e pon\u011bkolik\u00e1t\u00e9 jako motiva\u010dn\u00ed pob\u00eddku ke studiu v\u0161em \u017e\u00e1k\u016fm 1.&nbsp;ro\u010dn\u00edku studijn\u00edch obor\u016f Elektrotechnika a Stroj\u00edrenstv\u00ed.<br>Vy\u0161\u0161\u00ed odborn\u00e1 \u0161kola a St\u0159edn\u00ed pr\u016fmyslov\u00e1 \u0161kola D\u011b\u010d\u00edn je partnerskou \u0161kolou spole\u010dnosti Constellium, kter\u00e1 se dlouhodob\u011b a r\u016fzn\u00fdmi zp\u016fsoby sna\u017e\u00ed podporovat z\u00e1jem o studium technick\u00fdch obor\u016f.<br>Na sn\u00edmku je skupina \u017e\u00e1k\u016f oboru Elektrotechnika ve \u0161koln\u00ed d\u00edln\u011b spolu s&nbsp;v\u00fdrobn\u00edm \u0159editelem spole\u010dnosti Constellium Ing. Janem Bib\u00edkem a person\u00e1ln\u00ed \u0159editelkou Ing. Martinou Drmlovou.<\/p>\n\n\n\n<p>Ing. Miroslav Dlask<\/p>\n","protected":false},"excerpt":{"rendered":"<p>V p\u00e1tek 10.&nbsp;11.&nbsp;2023 prob\u011bhla na VO\u0160 a SP\u0160 D\u011b\u010d\u00edn mal\u00e1 slavnost, kdy p\u0159edstavitel\u00e9 d\u011b\u010d\u00ednsk\u00e9 spole\u010dnosti Constellium Extrusions s.r.o. ofici\u00e1ln\u011b p\u0159edali \u017e\u00e1k\u016fm pracovn\u00ed oble\u010den\u00ed, kter\u00e9 \u017e\u00e1ci vyu\u017eij\u00ed p\u0159i v\u00fduce praxe ve \u0161koln\u00edch d\u00edln\u00e1ch. Zmi\u0148ovan\u00e1 firma pracovn\u00ed oble\u010den\u00ed poskytla ji\u017e pon\u011bkolik\u00e1t\u00e9 jako motiva\u010dn\u00ed pob\u00eddku ke studiu v\u0161em \u017e\u00e1k\u016fm 1.&nbsp;ro\u010dn\u00edku studijn\u00edch obor\u016f Elektrotechnika a Stroj\u00edrenstv\u00ed.Vy\u0161\u0161\u00ed odborn\u00e1 \u0161kola a [&hellip;]<\/p>\n","protected":false},"author":5,"featured_media":0,"comment_status":"closed","ping_status":"open","sticky":false,"template":"","format":"standard","meta":{"_acf_changed":false,"footnotes":""},"categories":[1],"tags":[],"class_list":["post-4119","post","type-post","status-publish","format-standard","hentry","category-uncategorized"],"acf":[],"_links":{"self":[{"href":"https:\/\/www.prumkadc.cz\/index.php\/wp-json\/wp\/v2\/posts\/4119","targetHints":{"allow":["GET"]}}],"collection":[{"href":"https:\/\/www.prumkadc.cz\/index.php\/wp-json\/wp\/v2\/posts"}],"about":[{"href":"https:\/\/www.prumkadc.cz\/index.php\/wp-json\/wp\/v2\/types\/post"}],"author":[{"embeddable":true,"href":"https:\/\/www.prumkadc.cz\/index.php\/wp-json\/wp\/v2\/users\/5"}],"replies":[{"embeddable":true,"href":"https:\/\/www.prumkadc.cz\/index.php\/wp-json\/wp\/v2\/comments?post=4119"}],"version-history":[{"count":0,"href":"https:\/\/www.prumkadc.cz\/index.php\/wp-json\/wp\/v2\/posts\/4119\/revisions"}],"wp:attachment":[{"href":"https:\/\/www.prumkadc.cz\/index.php\/wp-json\/wp\/v2\/media?parent=4119"}],"wp:term":[{"taxonomy":"category","embeddable":true,"href":"https:\/\/www.prumkadc.cz\/index.php\/wp-json\/wp\/v2\/categories?post=4119"},{"taxonomy":"post_tag","embeddable":true,"href":"https:\/\/www.prumkadc.cz\/index.php\/wp-json\/wp\/v2\/tags?post=4119"}],"curies":[{"name":"wp","href":"https:\/\/api.w.org\/{rel}","templated":true}]}}