{"id":4133,"date":"2023-11-14T11:15:58","date_gmt":"2023-11-14T11:15:58","guid":{"rendered":"https:\/\/www.prumkadc.cz\/?p=4133"},"modified":"2023-11-14T11:16:00","modified_gmt":"2023-11-14T11:16:00","slug":"krajske-kolo-souteze-t-profi-talenty-pro-firmy","status":"publish","type":"post","link":"https:\/\/www.prumkadc.cz\/index.php\/2023\/11\/14\/krajske-kolo-souteze-t-profi-talenty-pro-firmy\/","title":{"rendered":"Krajsk\u00e9 kolo sout\u011b\u017ee \u201eT-PROFI &#8211; talenty pro firmy\u201c"},"content":{"rendered":"\n<p>V r\u00e1mci V\u00fdstavy vzd\u011bl\u00e1v\u00e1n\u00ed v&nbsp;Chomutov\u011b se ve st\u0159edu 9.&nbsp;listopadu 2023 konalo krajsk\u00e9 kolo sout\u011b\u017ee T-Profi, talenty pro firmy.<\/p>\n\n\n\n<p><br>C\u00edlem ka\u017edoro\u010dn\u011b Hospod\u00e1\u0159skou komorou po\u0159\u00e1dan\u00e9 sout\u011b\u017ee je podpora polytechnick\u00e9 v\u00fduky, zlep\u0161en\u00ed manu\u00e1ln\u00edch dovednost\u00ed \u017e\u00e1k\u016f a spolupr\u00e1ce mezi r\u016fzn\u00fdmi v\u011bkov\u00fdmi kategoriemi. Jako sou\u010d\u00e1stkov\u00e1 z\u00e1kladna byla zvolena stavebnice Merkur.<br>Sout\u011b\u017e\u00ed mezi sebou t\u00fdmy r\u016fzn\u00fdch m\u011bst \u00dasteck\u00e9ho kraje, skl\u00e1daj\u00edc\u00ed se ze t\u0159\u00ed \u017e\u00e1k\u016f 5.&nbsp;t\u0159\u00edd z\u00e1kladn\u00edch \u0161kol, t\u0159\u00ed student\u016f 2.&nbsp;ro\u010dn\u00edku st\u0159edn\u00edch \u0161kol, experta z&nbsp;firmy a vedouc\u00edho t\u00fdmu. Podstatou sout\u011b\u017ee bylo v&nbsp;\u00a0\u010dasov\u00e9m limitu t\u0159\u00ed hodin sestavit funk\u010dn\u00ed model voz\u00edtka na d\u00e1lkov\u00e9 ovl\u00e1d\u00e1n\u00ed. S\u00a0t\u00edmto voz\u00edtkem pak m\u011bli sout\u011b\u017e\u00edc\u00ed projet stanovenou dr\u00e1hu, kterou postavili v\u00a0dan\u00e9m \u010dasov\u00e9m limitu.<\/p>\n\n\n\n<p>VO\u0160 a SP\u0160 D\u011b\u010d\u00edn reprezentovali \u017e\u00e1ci 2.&nbsp;ro\u010dn\u00edku oboru Elektrotechnika, jmenovit\u011b<br><strong>Tom\u00e1\u0161<\/strong> <strong>Bauer, Tade\u00e1\u0161 Kalous a Adam \u0160am\u0161a<\/strong>, kter\u00e9 doprov\u00e1zel Ing. Michal Moc a Jaroslav Kol\u00e1\u0159 jako vedouc\u00ed t\u00fdmu ze&nbsp;spole\u010dnosti Costellium Extrusions D\u011b\u010d\u00edn s.r.o. T\u00fdm byl dopln\u011bn t\u0159emi \u017e\u00e1ky 5.&nbsp;t\u0159\u00eddy Z\u0160 M\u00e1chovo n\u00e1m\u011bst\u00ed.<\/p>\n\n\n\n<p>T\u00fdm na\u0161\u00ed \u0161koly skon\u010dil na <strong>kr\u00e1sn\u00e9m 2.&nbsp;m\u00edst\u011b<\/strong> ze 6 sout\u011b\u017en\u00edch t\u00fdm\u016f \u00dasteck\u00e9ho kraje, kdy\u017e jim v\u00edt\u011bzstv\u00ed uniklo o pouh\u00e9 dva body.<\/p>\n\n\n\n<p>D\u011bkujeme za reprezentaci \u0161koly a gratulujeme ke\u00a02.&nbsp;m\u00edstu v\u00a0sout\u011b\u017ei. \u00a0\u00a0\u00a0\u00a0\u00a0\u00a0\u00a0\u00a0\u00a0\u00a0\u00a0\u00a0\u00a0\u00a0\u00a0\u00a0\u00a0\u00a0\u00a0\u00a0\u00a0\u00a0\u00a0\u00a0\u00a0\u00a0\u00a0\u00a0\u00a0\u00a0\u00a0\u00a0\u00a0\u00a0\u00a0\u00a0\u00a0\u00a0 \u00a0\u00a0\u00a0\u00a0\u00a0\u00a0 <\/p>\n\n\n\n<p>Miroslav Dlask<\/p>\n\n\n\n<figure class=\"wp-block-image size-large\"><img decoding=\"async\" src=\"https:\/\/www.prumkadc.cz\/wp-content\/uploads\/2023\/11\/T_profi_2-1024x461.jpg\" alt=\"\" class=\"wp-image-4138\"\/><\/figure>\n\n\n\n<figure class=\"wp-block-image size-large\"><img decoding=\"async\" src=\"https:\/\/www.prumkadc.cz\/wp-content\/uploads\/2023\/11\/T_profi_3-1024x461.jpg\" alt=\"\" class=\"wp-image-4139\"\/><\/figure>\n\n\n\n<figure class=\"wp-block-image size-large\"><img decoding=\"async\" src=\"https:\/\/www.prumkadc.cz\/wp-content\/uploads\/2023\/11\/T_profi_4-1024x461.jpg\" alt=\"\" class=\"wp-image-4140\"\/><\/figure>\n\n\n\n<figure class=\"wp-block-image size-full\"><img decoding=\"async\" src=\"https:\/\/www.prumkadc.cz\/wp-content\/uploads\/2023\/11\/T_profi_5u.jpg\" alt=\"\" class=\"wp-image-4137\"\/><\/figure>\n\n\n\n<figure class=\"wp-block-image size-full\"><img decoding=\"async\" src=\"https:\/\/www.prumkadc.cz\/wp-content\/uploads\/2023\/11\/diplom-1.jpg\" alt=\"\" class=\"wp-image-4142\"\/><\/figure>\n\n\n\n<p><br><\/p>\n","protected":false},"excerpt":{"rendered":"<p>V r\u00e1mci V\u00fdstavy vzd\u011bl\u00e1v\u00e1n\u00ed v&nbsp;Chomutov\u011b se ve st\u0159edu 9.&nbsp;listopadu 2023 konalo krajsk\u00e9 kolo sout\u011b\u017ee T-Profi, talenty pro firmy. C\u00edlem ka\u017edoro\u010dn\u011b Hospod\u00e1\u0159skou komorou po\u0159\u00e1dan\u00e9 sout\u011b\u017ee je podpora polytechnick\u00e9 v\u00fduky, zlep\u0161en\u00ed manu\u00e1ln\u00edch dovednost\u00ed \u017e\u00e1k\u016f a spolupr\u00e1ce mezi r\u016fzn\u00fdmi v\u011bkov\u00fdmi kategoriemi. Jako sou\u010d\u00e1stkov\u00e1 z\u00e1kladna byla zvolena stavebnice Merkur.Sout\u011b\u017e\u00ed mezi sebou t\u00fdmy r\u016fzn\u00fdch m\u011bst \u00dasteck\u00e9ho kraje, skl\u00e1daj\u00edc\u00ed se ze [&hellip;]<\/p>\n","protected":false},"author":5,"featured_media":0,"comment_status":"closed","ping_status":"open","sticky":false,"template":"","format":"standard","meta":{"_acf_changed":false,"footnotes":""},"categories":[1],"tags":[],"class_list":["post-4133","post","type-post","status-publish","format-standard","hentry","category-uncategorized"],"acf":[],"_links":{"self":[{"href":"https:\/\/www.prumkadc.cz\/index.php\/wp-json\/wp\/v2\/posts\/4133","targetHints":{"allow":["GET"]}}],"collection":[{"href":"https:\/\/www.prumkadc.cz\/index.php\/wp-json\/wp\/v2\/posts"}],"about":[{"href":"https:\/\/www.prumkadc.cz\/index.php\/wp-json\/wp\/v2\/types\/post"}],"author":[{"embeddable":true,"href":"https:\/\/www.prumkadc.cz\/index.php\/wp-json\/wp\/v2\/users\/5"}],"replies":[{"embeddable":true,"href":"https:\/\/www.prumkadc.cz\/index.php\/wp-json\/wp\/v2\/comments?post=4133"}],"version-history":[{"count":0,"href":"https:\/\/www.prumkadc.cz\/index.php\/wp-json\/wp\/v2\/posts\/4133\/revisions"}],"wp:attachment":[{"href":"https:\/\/www.prumkadc.cz\/index.php\/wp-json\/wp\/v2\/media?parent=4133"}],"wp:term":[{"taxonomy":"category","embeddable":true,"href":"https:\/\/www.prumkadc.cz\/index.php\/wp-json\/wp\/v2\/categories?post=4133"},{"taxonomy":"post_tag","embeddable":true,"href":"https:\/\/www.prumkadc.cz\/index.php\/wp-json\/wp\/v2\/tags?post=4133"}],"curies":[{"name":"wp","href":"https:\/\/api.w.org\/{rel}","templated":true}]}}