{"id":4304,"date":"2023-11-30T12:06:45","date_gmt":"2023-11-30T12:06:45","guid":{"rendered":"https:\/\/www.prumkadc.cz\/?p=4304"},"modified":"2023-11-30T12:06:48","modified_gmt":"2023-11-30T12:06:48","slug":"turnaj-trid-ve-stolnim-tenisu","status":"publish","type":"post","link":"https:\/\/www.prumkadc.cz\/index.php\/2023\/11\/30\/turnaj-trid-ve-stolnim-tenisu\/","title":{"rendered":"Turnaj t\u0159\u00edd ve stoln\u00edm tenisu"},"content":{"rendered":"\n<p>V p\u0159edv\u00e1no\u010dn\u00edm obdob\u00ed tradi\u010dn\u011b po\u0159\u00e1d\u00e1me \u0161koln\u00ed kolo ve stoln\u00edm tenisu. Sv\u016fj t\u00fdm m\u016f\u017eete p\u0159ihl\u00e1sit na katedr\u00e1ch TEV do 18.prosince 2023. Ka\u017ed\u00e1 t\u0159\u00edda m\u016f\u017ee p\u0159ihl\u00e1sit jen 1 t\u00fdm se 3 hr\u00e1\u010di \/mohou b\u00fdt sm\u00ed\u0161en\u00e1 dru\u017estva chlapc\u016f a d\u00edvek\/. Vybaven\u00ed sv\u00e9, \u010di mo\u017eno zap\u016fj\u010dit \u0161koln\u00ed.<br>Na p\u0159ihl\u00e1\u0161ku uv\u00e9st t\u0159\u00eddu a jmenn\u00fd seznam \u017e\u00e1k\u016f.<br>21.12.&nbsp;do 8:15 prezence t\u00fdm\u016f, 8:30 zah\u00e1jen\u00ed turnaje.<\/p>\n\n\n\n<div class=\"wp-block-file\"><a id=\"wp-block-file--media-767da9dc-2737-4a5f-96b6-c121062cce44\" href=\"https:\/\/www.prumkadc.cz\/wp-content\/uploads\/2023\/11\/stolnitenis2023.jpg\">stolnitenis2023<\/a><a href=\"https:\/\/www.prumkadc.cz\/wp-content\/uploads\/2023\/11\/stolnitenis2023.jpg\" class=\"wp-block-file__button wp-element-button\" download aria-describedby=\"wp-block-file--media-767da9dc-2737-4a5f-96b6-c121062cce44\">St\u00e1hnout<\/a><\/div>\n\n\n\n<figure class=\"wp-block-image size-full\"><img decoding=\"async\" src=\"https:\/\/www.prumkadc.cz\/wp-content\/uploads\/2023\/11\/stolnitenis2023plakat.jpg\" alt=\"\" class=\"wp-image-4306\"\/><\/figure>\n","protected":false},"excerpt":{"rendered":"<p>V p\u0159edv\u00e1no\u010dn\u00edm obdob\u00ed tradi\u010dn\u011b po\u0159\u00e1d\u00e1me \u0161koln\u00ed kolo ve stoln\u00edm tenisu. Sv\u016fj t\u00fdm m\u016f\u017eete p\u0159ihl\u00e1sit na katedr\u00e1ch TEV do 18.prosince 2023. Ka\u017ed\u00e1 t\u0159\u00edda m\u016f\u017ee p\u0159ihl\u00e1sit jen 1 t\u00fdm se 3 hr\u00e1\u010di \/mohou b\u00fdt sm\u00ed\u0161en\u00e1 dru\u017estva chlapc\u016f a d\u00edvek\/. Vybaven\u00ed sv\u00e9, \u010di mo\u017eno zap\u016fj\u010dit \u0161koln\u00ed.Na p\u0159ihl\u00e1\u0161ku uv\u00e9st t\u0159\u00eddu a jmenn\u00fd seznam \u017e\u00e1k\u016f.21.12.&nbsp;do 8:15 prezence t\u00fdm\u016f, 8:30 zah\u00e1jen\u00ed [&hellip;]<\/p>\n","protected":false},"author":5,"featured_media":0,"comment_status":"closed","ping_status":"open","sticky":false,"template":"","format":"standard","meta":{"_acf_changed":false,"footnotes":""},"categories":[1],"tags":[],"class_list":["post-4304","post","type-post","status-publish","format-standard","hentry","category-uncategorized"],"acf":[],"_links":{"self":[{"href":"https:\/\/www.prumkadc.cz\/index.php\/wp-json\/wp\/v2\/posts\/4304","targetHints":{"allow":["GET"]}}],"collection":[{"href":"https:\/\/www.prumkadc.cz\/index.php\/wp-json\/wp\/v2\/posts"}],"about":[{"href":"https:\/\/www.prumkadc.cz\/index.php\/wp-json\/wp\/v2\/types\/post"}],"author":[{"embeddable":true,"href":"https:\/\/www.prumkadc.cz\/index.php\/wp-json\/wp\/v2\/users\/5"}],"replies":[{"embeddable":true,"href":"https:\/\/www.prumkadc.cz\/index.php\/wp-json\/wp\/v2\/comments?post=4304"}],"version-history":[{"count":0,"href":"https:\/\/www.prumkadc.cz\/index.php\/wp-json\/wp\/v2\/posts\/4304\/revisions"}],"wp:attachment":[{"href":"https:\/\/www.prumkadc.cz\/index.php\/wp-json\/wp\/v2\/media?parent=4304"}],"wp:term":[{"taxonomy":"category","embeddable":true,"href":"https:\/\/www.prumkadc.cz\/index.php\/wp-json\/wp\/v2\/categories?post=4304"},{"taxonomy":"post_tag","embeddable":true,"href":"https:\/\/www.prumkadc.cz\/index.php\/wp-json\/wp\/v2\/tags?post=4304"}],"curies":[{"name":"wp","href":"https:\/\/api.w.org\/{rel}","templated":true}]}}