{"id":4338,"date":"2023-12-07T08:00:45","date_gmt":"2023-12-07T08:00:45","guid":{"rendered":"https:\/\/www.prumkadc.cz\/?p=4338"},"modified":"2023-12-07T08:00:49","modified_gmt":"2023-12-07T08:00:49","slug":"uspech-nasich-studentu-v-soutezi-objektiv-2023","status":"publish","type":"post","link":"https:\/\/www.prumkadc.cz\/index.php\/2023\/12\/07\/uspech-nasich-studentu-v-soutezi-objektiv-2023\/","title":{"rendered":"\u00dasp\u011bch na\u0161ich student\u016f v&nbsp;sout\u011b\u017ei Objektiv 2023"},"content":{"rendered":"\n<p>Celost\u00e1tn\u00ed kolo akce OBJEKTIV\u00a0 2023 OSTRAVA je sout\u011b\u017e finan\u010dn\u011b podporov\u00e1na statut\u00e1rn\u00edm m\u011bstem Ostrava v&nbsp;r\u00e1mci dota\u010dn\u00edho titulu v&nbsp;oblasti vzd\u011bl\u00e1v\u00e1n\u00ed a talentmanagementu pro rok 2023.<\/p>\n\n\n\n<p>Sout\u011b\u017eilo se na t\u00e9ma ARCHITEKTURA a GEOMETRIE KOLEM N\u00c1S celkem ve \u010dty\u0159ech oblastech, a to: fotografie, kr\u00e1tk\u00fd film, \u0159emesln\u00e1 tvorba a prostorov\u00e1 tvorba.&nbsp;Studenti na\u0161\u00ed \u0161koly se z\u00fa\u010dastnili oblast\u00ed fotografie a \u0159emesln\u00e1 tvorba.<\/p>\n\n\n\n<p>Z&nbsp;rukou \u0159editelky sout\u011b\u017ee Mgr. Milady Bo\u017eekov\u00e9 p\u0159evzala cenu za kr\u00e1sn\u00e9 2.&nbsp;m\u00edsto v&nbsp;\u0159emesln\u00e9 tvorb\u011b Ad\u00e9la MAJOROV\u00c1 ze t\u0159\u00eddy 3A. Fotografie druh\u00e9ho \u00fa\u010dastn\u00edka sout\u011b\u017ee Ond\u0159eje MITRU\u0160KY ze t\u0159\u00eddy 3A sice nezabodovala na p\u0159edn\u00edch pozic\u00edch, ale p\u0159esto zdob\u00ed komunika\u010dn\u00ed prostory budovy St\u0159ediska voln\u00e9ho \u010dasu v&nbsp;Ostrav\u011b.<\/p>\n\n\n\n<p>Ob\u011bma student\u016fm pat\u0159\u00ed d\u00edk za vzornou reprezentaci na\u0161\u00ed \u0161koly na vzd\u00e1len\u00e9m \u00fazem\u00ed Moravskoslezsk\u00e9ho kraje.<\/p>\n\n\n\n<p>Bc. Petra \u010capkov\u00e1<\/p>\n\n\n\n<figure class=\"wp-block-image size-large\"><img decoding=\"async\" src=\"https:\/\/www.prumkadc.cz\/wp-content\/uploads\/2023\/12\/IMG_5145-1-1024x768.jpg\" alt=\"\" class=\"wp-image-4341\"\/><\/figure>\n\n\n\n<figure class=\"wp-block-image size-large\"><img decoding=\"async\" src=\"https:\/\/www.prumkadc.cz\/wp-content\/uploads\/2023\/12\/IMG_5146-768x1024.jpg\" alt=\"\" class=\"wp-image-4342\"\/><\/figure>\n\n\n\n<figure class=\"wp-block-image size-large\"><img decoding=\"async\" src=\"https:\/\/www.prumkadc.cz\/wp-content\/uploads\/2023\/12\/IMG_5150-768x1024.jpg\" alt=\"\" class=\"wp-image-4343\"\/><\/figure>\n\n\n\n<figure class=\"wp-block-image size-large\"><img decoding=\"async\" src=\"https:\/\/www.prumkadc.cz\/wp-content\/uploads\/2023\/12\/IMG_5154-768x1024.jpg\" alt=\"\" class=\"wp-image-4344\"\/><\/figure>\n\n\n\n<figure class=\"wp-block-image size-large\"><img decoding=\"async\" src=\"https:\/\/www.prumkadc.cz\/wp-content\/uploads\/2023\/12\/diplom-1024x724.png\" alt=\"\" class=\"wp-image-4345\"\/><\/figure>\n","protected":false},"excerpt":{"rendered":"<p>Celost\u00e1tn\u00ed kolo akce OBJEKTIV\u00a0 2023 OSTRAVA je sout\u011b\u017e finan\u010dn\u011b podporov\u00e1na statut\u00e1rn\u00edm m\u011bstem Ostrava v&nbsp;r\u00e1mci dota\u010dn\u00edho titulu v&nbsp;oblasti vzd\u011bl\u00e1v\u00e1n\u00ed a talentmanagementu pro rok 2023. Sout\u011b\u017eilo se na t\u00e9ma ARCHITEKTURA a GEOMETRIE KOLEM N\u00c1S celkem ve \u010dty\u0159ech oblastech, a to: fotografie, kr\u00e1tk\u00fd film, \u0159emesln\u00e1 tvorba a prostorov\u00e1 tvorba.&nbsp;Studenti na\u0161\u00ed \u0161koly se z\u00fa\u010dastnili oblast\u00ed fotografie a \u0159emesln\u00e1 tvorba. [&hellip;]<\/p>\n","protected":false},"author":5,"featured_media":0,"comment_status":"closed","ping_status":"open","sticky":false,"template":"","format":"standard","meta":{"_acf_changed":false,"footnotes":""},"categories":[1],"tags":[],"class_list":["post-4338","post","type-post","status-publish","format-standard","hentry","category-uncategorized"],"acf":[],"_links":{"self":[{"href":"https:\/\/www.prumkadc.cz\/index.php\/wp-json\/wp\/v2\/posts\/4338","targetHints":{"allow":["GET"]}}],"collection":[{"href":"https:\/\/www.prumkadc.cz\/index.php\/wp-json\/wp\/v2\/posts"}],"about":[{"href":"https:\/\/www.prumkadc.cz\/index.php\/wp-json\/wp\/v2\/types\/post"}],"author":[{"embeddable":true,"href":"https:\/\/www.prumkadc.cz\/index.php\/wp-json\/wp\/v2\/users\/5"}],"replies":[{"embeddable":true,"href":"https:\/\/www.prumkadc.cz\/index.php\/wp-json\/wp\/v2\/comments?post=4338"}],"version-history":[{"count":0,"href":"https:\/\/www.prumkadc.cz\/index.php\/wp-json\/wp\/v2\/posts\/4338\/revisions"}],"wp:attachment":[{"href":"https:\/\/www.prumkadc.cz\/index.php\/wp-json\/wp\/v2\/media?parent=4338"}],"wp:term":[{"taxonomy":"category","embeddable":true,"href":"https:\/\/www.prumkadc.cz\/index.php\/wp-json\/wp\/v2\/categories?post=4338"},{"taxonomy":"post_tag","embeddable":true,"href":"https:\/\/www.prumkadc.cz\/index.php\/wp-json\/wp\/v2\/tags?post=4338"}],"curies":[{"name":"wp","href":"https:\/\/api.w.org\/{rel}","templated":true}]}}