{"id":4372,"date":"2023-12-13T14:44:39","date_gmt":"2023-12-13T14:44:39","guid":{"rendered":"https:\/\/www.prumkadc.cz\/?p=4372"},"modified":"2023-12-13T14:44:42","modified_gmt":"2023-12-13T14:44:42","slug":"skolni-kolo-ekonomicke-olympiady","status":"publish","type":"post","link":"https:\/\/www.prumkadc.cz\/index.php\/2023\/12\/13\/skolni-kolo-ekonomicke-olympiady\/","title":{"rendered":"\u0160koln\u00ed kolo Ekonomick\u00e9 olympi\u00e1dy"},"content":{"rendered":"\n<p>Ve dnech 27.&nbsp;11. \u2013 8.&nbsp;12.&nbsp;2023 se jako ka\u017edoro\u010dn\u011b zapojili do Ekonomick\u00e9 olympi\u00e1dy \u017e\u00e1ci t\u0159\u00eddy 2T, 3T a 4T a letos poprv\u00e9 i \u017e\u00e1ci 4A.<br>Ekonomickou olympi\u00e1du organiza\u010dn\u011b zaji\u0161\u0165uje <strong>Institut ekonomick\u00e9ho vzd\u011bl\u00e1v\u00e1n\u00ed<\/strong>.<br>Test se vypracov\u00e1v\u00e1 na po\u010d\u00edta\u010di a skl\u00e1d\u00e1 se z&nbsp;25 ot\u00e1zek na t\u00e9ma mikroekonomie, makroekonomie, mezin\u00e1rodn\u00ed ekonomie, finan\u010dn\u00ed ekonomie a z&nbsp;aktu\u00e1ln\u00edho d\u011bn\u00ed v&nbsp;\u010desk\u00e9, evropsk\u00e9 a mezin\u00e1rodn\u00ed ekonomiky. V\u011bt\u0161inu ot\u00e1zek ve \u0161kole neprob\u00edr\u00e1me, tak\u017ee se zde uk\u00e1\u017ee ekonomick\u00e9 my\u0161len\u00ed.<br>Z na\u0161\u00ed \u0161koly do krajsk\u00e9ho kola postoupili: David Cetl z&nbsp;4A, Martin Kaplan a Jakub Zvoni\u010d z&nbsp;3T.<br>V\u0161em postupuj\u00edc\u00edm gratulujeme a p\u0159ejeme hodn\u011b \u0161t\u011bst\u00ed.<\/p>\n\n\n\n<p>Ing. Hana Novotn\u00e1<\/p>\n\n\n\n<figure class=\"wp-block-image size-full\"><img decoding=\"async\" src=\"https:\/\/www.prumkadc.cz\/wp-content\/uploads\/2023\/12\/eko-2023-1.jpg\" alt=\"\" class=\"wp-image-4374\"\/><\/figure>\n\n\n\n<figure class=\"wp-block-image size-full\"><img decoding=\"async\" src=\"https:\/\/www.prumkadc.cz\/wp-content\/uploads\/2023\/12\/eko2023.jpg\" alt=\"\" class=\"wp-image-4375\"\/><\/figure>\n","protected":false},"excerpt":{"rendered":"<p>Ve dnech 27.&nbsp;11. \u2013 8.&nbsp;12.&nbsp;2023 se jako ka\u017edoro\u010dn\u011b zapojili do Ekonomick\u00e9 olympi\u00e1dy \u017e\u00e1ci t\u0159\u00eddy 2T, 3T a 4T a letos poprv\u00e9 i \u017e\u00e1ci 4A.Ekonomickou olympi\u00e1du organiza\u010dn\u011b zaji\u0161\u0165uje Institut ekonomick\u00e9ho vzd\u011bl\u00e1v\u00e1n\u00ed.Test se vypracov\u00e1v\u00e1 na po\u010d\u00edta\u010di a skl\u00e1d\u00e1 se z&nbsp;25 ot\u00e1zek na t\u00e9ma mikroekonomie, makroekonomie, mezin\u00e1rodn\u00ed ekonomie, finan\u010dn\u00ed ekonomie a z&nbsp;aktu\u00e1ln\u00edho d\u011bn\u00ed v&nbsp;\u010desk\u00e9, evropsk\u00e9 a mezin\u00e1rodn\u00ed ekonomiky. [&hellip;]<\/p>\n","protected":false},"author":5,"featured_media":0,"comment_status":"closed","ping_status":"open","sticky":false,"template":"","format":"standard","meta":{"_acf_changed":false,"footnotes":""},"categories":[1],"tags":[],"class_list":["post-4372","post","type-post","status-publish","format-standard","hentry","category-uncategorized"],"acf":[],"_links":{"self":[{"href":"https:\/\/www.prumkadc.cz\/index.php\/wp-json\/wp\/v2\/posts\/4372","targetHints":{"allow":["GET"]}}],"collection":[{"href":"https:\/\/www.prumkadc.cz\/index.php\/wp-json\/wp\/v2\/posts"}],"about":[{"href":"https:\/\/www.prumkadc.cz\/index.php\/wp-json\/wp\/v2\/types\/post"}],"author":[{"embeddable":true,"href":"https:\/\/www.prumkadc.cz\/index.php\/wp-json\/wp\/v2\/users\/5"}],"replies":[{"embeddable":true,"href":"https:\/\/www.prumkadc.cz\/index.php\/wp-json\/wp\/v2\/comments?post=4372"}],"version-history":[{"count":0,"href":"https:\/\/www.prumkadc.cz\/index.php\/wp-json\/wp\/v2\/posts\/4372\/revisions"}],"wp:attachment":[{"href":"https:\/\/www.prumkadc.cz\/index.php\/wp-json\/wp\/v2\/media?parent=4372"}],"wp:term":[{"taxonomy":"category","embeddable":true,"href":"https:\/\/www.prumkadc.cz\/index.php\/wp-json\/wp\/v2\/categories?post=4372"},{"taxonomy":"post_tag","embeddable":true,"href":"https:\/\/www.prumkadc.cz\/index.php\/wp-json\/wp\/v2\/tags?post=4372"}],"curies":[{"name":"wp","href":"https:\/\/api.w.org\/{rel}","templated":true}]}}