{"id":4397,"date":"2023-12-13T15:34:54","date_gmt":"2023-12-13T15:34:54","guid":{"rendered":"https:\/\/www.prumkadc.cz\/?p=4397"},"modified":"2023-12-13T15:34:57","modified_gmt":"2023-12-13T15:34:57","slug":"prednaska-stavebni-fakulty-vut-v-brne","status":"publish","type":"post","link":"https:\/\/www.prumkadc.cz\/index.php\/2023\/12\/13\/prednaska-stavebni-fakulty-vut-v-brne\/","title":{"rendered":"P\u0159edn\u00e1\u0161ka Stavebn\u00ed fakulty VUT v&nbsp;Brn\u011b"},"content":{"rendered":"\n<p>Dne 11.&nbsp;12.&nbsp;2023 si na\u0161i kolegov\u00e9 ze Stavebn\u00ed Fakulty VUT v&nbsp;Brn\u011b, konkr\u00e9tn\u011b z&nbsp;\u00dastavu \u017eelezni\u010dn\u00edch konstrukc\u00ed a staveb p\u0159ipravili pro na\u0161e \u017e\u00e1ky p\u0159edn\u00e1\u0161ku &#8222;Osoby s&nbsp;omezen\u00edm pohybu a orientace&#8220;.\u00a0 Zaj\u00edmav\u00e1 p\u0159edn\u00e1\u0161ka, dopln\u011bn\u00e1 praktickou uk\u00e1zkou a mo\u017enost\u00ed vyzkou\u0161et si invalidn\u00ed voz\u00edk a slepeckou h\u016fl, byla pro studenty \u010dtvrt\u00e9ho ro\u010dn\u00edku oboru Pozemn\u00ed stavitelstv\u00ed.<\/p>\n\n\n\n<p>\u017d\u00e1ci ocenili mo\u017enost si to vyzkou\u0161et, ale jejich spole\u010dn\u00fdm p\u0159\u00e1n\u00edm bylo &#8211; nikdy to nepot\u0159ebovat.<\/p>\n\n\n\n<p>Ing. Klaudia Novotn\u00e1<\/p>\n\n\n\n<figure class=\"wp-block-image size-large\"><img decoding=\"async\" src=\"https:\/\/www.prumkadc.cz\/wp-content\/uploads\/2023\/12\/406493545_879553466964529_5618152400365496749_nu-768x1024.jpg\" alt=\"\" class=\"wp-image-4400\"\/><\/figure>\n\n\n\n<figure class=\"wp-block-image size-large\"><img decoding=\"async\" src=\"https:\/\/www.prumkadc.cz\/wp-content\/uploads\/2023\/12\/406524678_377591654646293_8936271834894710868_nu-768x1024.jpg\" alt=\"\" class=\"wp-image-4401\"\/><\/figure>\n\n\n\n<figure class=\"wp-block-image size-large\"><img decoding=\"async\" src=\"https:\/\/www.prumkadc.cz\/wp-content\/uploads\/2023\/12\/406674788_851163113455554_3085319917451552781_n-577x1024.jpg\" alt=\"\" class=\"wp-image-4402\"\/><\/figure>\n","protected":false},"excerpt":{"rendered":"<p>Dne 11.&nbsp;12.&nbsp;2023 si na\u0161i kolegov\u00e9 ze Stavebn\u00ed Fakulty VUT v&nbsp;Brn\u011b, konkr\u00e9tn\u011b z&nbsp;\u00dastavu \u017eelezni\u010dn\u00edch konstrukc\u00ed a staveb p\u0159ipravili pro na\u0161e \u017e\u00e1ky p\u0159edn\u00e1\u0161ku &#8222;Osoby s&nbsp;omezen\u00edm pohybu a orientace&#8220;.\u00a0 Zaj\u00edmav\u00e1 p\u0159edn\u00e1\u0161ka, dopln\u011bn\u00e1 praktickou uk\u00e1zkou a mo\u017enost\u00ed vyzkou\u0161et si invalidn\u00ed voz\u00edk a slepeckou h\u016fl, byla pro studenty \u010dtvrt\u00e9ho ro\u010dn\u00edku oboru Pozemn\u00ed stavitelstv\u00ed. \u017d\u00e1ci ocenili mo\u017enost si to vyzkou\u0161et, ale [&hellip;]<\/p>\n","protected":false},"author":5,"featured_media":0,"comment_status":"closed","ping_status":"open","sticky":false,"template":"","format":"standard","meta":{"_acf_changed":false,"footnotes":""},"categories":[1],"tags":[],"class_list":["post-4397","post","type-post","status-publish","format-standard","hentry","category-uncategorized"],"acf":[],"_links":{"self":[{"href":"https:\/\/www.prumkadc.cz\/index.php\/wp-json\/wp\/v2\/posts\/4397","targetHints":{"allow":["GET"]}}],"collection":[{"href":"https:\/\/www.prumkadc.cz\/index.php\/wp-json\/wp\/v2\/posts"}],"about":[{"href":"https:\/\/www.prumkadc.cz\/index.php\/wp-json\/wp\/v2\/types\/post"}],"author":[{"embeddable":true,"href":"https:\/\/www.prumkadc.cz\/index.php\/wp-json\/wp\/v2\/users\/5"}],"replies":[{"embeddable":true,"href":"https:\/\/www.prumkadc.cz\/index.php\/wp-json\/wp\/v2\/comments?post=4397"}],"version-history":[{"count":0,"href":"https:\/\/www.prumkadc.cz\/index.php\/wp-json\/wp\/v2\/posts\/4397\/revisions"}],"wp:attachment":[{"href":"https:\/\/www.prumkadc.cz\/index.php\/wp-json\/wp\/v2\/media?parent=4397"}],"wp:term":[{"taxonomy":"category","embeddable":true,"href":"https:\/\/www.prumkadc.cz\/index.php\/wp-json\/wp\/v2\/categories?post=4397"},{"taxonomy":"post_tag","embeddable":true,"href":"https:\/\/www.prumkadc.cz\/index.php\/wp-json\/wp\/v2\/tags?post=4397"}],"curies":[{"name":"wp","href":"https:\/\/api.w.org\/{rel}","templated":true}]}}