{"id":4412,"date":"2023-12-19T10:53:21","date_gmt":"2023-12-19T10:53:21","guid":{"rendered":"https:\/\/www.prumkadc.cz\/?p=4412"},"modified":"2023-12-19T10:53:24","modified_gmt":"2023-12-19T10:53:24","slug":"metro-praha","status":"publish","type":"post","link":"https:\/\/www.prumkadc.cz\/index.php\/2023\/12\/19\/metro-praha\/","title":{"rendered":"Metro Praha"},"content":{"rendered":"\n<p>V\u00a0brzk\u00fdch rann\u00edch hodin\u00e1ch vybran\u00ed \u017e\u00e1ci 4A spolu se studenty VUT Brno nav\u0161t\u00edvili prostory metra na trase Vy\u0161ehrad \u2013 n\u00e1m\u011bst\u00ed M\u00edru. <\/p>\n\n\n\n<p>Po ukon\u010den\u00ed provozu metra jsme mohli vstoupit do koleji\u0161t\u011b a proj\u00edt si tuto trasu p\u011b\u0161ky. Za odborn\u00e9ho v\u00fdkladu pracovn\u00edka metra jsme shl\u00e9dli profil nuselsk\u00e9ho mostu, ra\u017een\u00fd profil metra s\u00a0tubinkem z\u00a0ocelov\u00fdch, prefabrikovan\u00fdch a \u017eelbetonov\u00fdch skru\u017e\u00ed. Byli jsme sezn\u00e1meni s\u00a0druhy pra\u017ec\u016f a jejich upev\u0148ovadly, s\u00a0chodem metra po ukon\u010den\u00ed provozu, se zaji\u0161t\u011bn\u00edm ventilace, protipovod\u0148ov\u00e9ho syst\u00e9mu, elektroinstalac\u00ed a r\u00e1diov\u00fdm spojen\u00edm\u2026<\/p>\n\n\n\n<p>Exkurze se v\u0161em l\u00edbila a navzdory v\u0161em \u010dert\u016fm, &nbsp;Mikul\u00e1\u0161\u016fm a hodin\u00e1m lehce po p\u016flnoci jsme si to u\u017eili.<\/p>\n\n\n\n<p>Bc. Petra \u010capkov\u00e1<\/p>\n\n\n\n<figure class=\"wp-block-image size-large\"><img decoding=\"async\" src=\"https:\/\/www.prumkadc.cz\/wp-content\/uploads\/2023\/12\/metro2023_1-768x1024.jpg\" alt=\"\" class=\"wp-image-4414\"\/><\/figure>\n\n\n\n<figure class=\"wp-block-image size-large\"><img decoding=\"async\" src=\"https:\/\/www.prumkadc.cz\/wp-content\/uploads\/2023\/12\/metro_2023_5-1024x768.jpg\" alt=\"\" class=\"wp-image-4415\"\/><\/figure>\n","protected":false},"excerpt":{"rendered":"<p>V\u00a0brzk\u00fdch rann\u00edch hodin\u00e1ch vybran\u00ed \u017e\u00e1ci 4A spolu se studenty VUT Brno nav\u0161t\u00edvili prostory metra na trase Vy\u0161ehrad \u2013 n\u00e1m\u011bst\u00ed M\u00edru. Po ukon\u010den\u00ed provozu metra jsme mohli vstoupit do koleji\u0161t\u011b a proj\u00edt si tuto trasu p\u011b\u0161ky. Za odborn\u00e9ho v\u00fdkladu pracovn\u00edka metra jsme shl\u00e9dli profil nuselsk\u00e9ho mostu, ra\u017een\u00fd profil metra s\u00a0tubinkem z\u00a0ocelov\u00fdch, prefabrikovan\u00fdch a \u017eelbetonov\u00fdch skru\u017e\u00ed. Byli [&hellip;]<\/p>\n","protected":false},"author":5,"featured_media":0,"comment_status":"closed","ping_status":"open","sticky":false,"template":"","format":"standard","meta":{"_acf_changed":false,"footnotes":""},"categories":[1],"tags":[],"class_list":["post-4412","post","type-post","status-publish","format-standard","hentry","category-uncategorized"],"acf":[],"_links":{"self":[{"href":"https:\/\/www.prumkadc.cz\/index.php\/wp-json\/wp\/v2\/posts\/4412","targetHints":{"allow":["GET"]}}],"collection":[{"href":"https:\/\/www.prumkadc.cz\/index.php\/wp-json\/wp\/v2\/posts"}],"about":[{"href":"https:\/\/www.prumkadc.cz\/index.php\/wp-json\/wp\/v2\/types\/post"}],"author":[{"embeddable":true,"href":"https:\/\/www.prumkadc.cz\/index.php\/wp-json\/wp\/v2\/users\/5"}],"replies":[{"embeddable":true,"href":"https:\/\/www.prumkadc.cz\/index.php\/wp-json\/wp\/v2\/comments?post=4412"}],"version-history":[{"count":0,"href":"https:\/\/www.prumkadc.cz\/index.php\/wp-json\/wp\/v2\/posts\/4412\/revisions"}],"wp:attachment":[{"href":"https:\/\/www.prumkadc.cz\/index.php\/wp-json\/wp\/v2\/media?parent=4412"}],"wp:term":[{"taxonomy":"category","embeddable":true,"href":"https:\/\/www.prumkadc.cz\/index.php\/wp-json\/wp\/v2\/categories?post=4412"},{"taxonomy":"post_tag","embeddable":true,"href":"https:\/\/www.prumkadc.cz\/index.php\/wp-json\/wp\/v2\/tags?post=4412"}],"curies":[{"name":"wp","href":"https:\/\/api.w.org\/{rel}","templated":true}]}}