{"id":4417,"date":"2023-12-19T11:21:04","date_gmt":"2023-12-19T11:21:04","guid":{"rendered":"https:\/\/www.prumkadc.cz\/?p=4417"},"modified":"2023-12-19T11:21:08","modified_gmt":"2023-12-19T11:21:08","slug":"okresni-finale-volejbaloveho-turnaje-2023","status":"publish","type":"post","link":"https:\/\/www.prumkadc.cz\/index.php\/2023\/12\/19\/okresni-finale-volejbaloveho-turnaje-2023\/","title":{"rendered":"Okresn\u00ed fin\u00e1le volejbalov\u00e9ho turnaje 2023"},"content":{"rendered":"\n<p>Ve dnech 13.12.&nbsp;a 14.12.&nbsp;2023 se konalo na Evropsk\u00e9 obchodn\u00ed akademii fin\u00e1le okresn\u00edho volejbalov\u00e9ho turnaje. <\/p>\n\n\n\n<p>Prvn\u00ed den bojovala d\u011bv\u010data, kter\u00e1 si vedla velice dob\u0159e, a i p\u0159es velkou marodku postoupila ze skupiny. Nakonec d\u011bv\u010data vybojovala 4.&nbsp;m\u00edsto. <\/p>\n\n\n\n<p>Druh\u00fd den nastoupili chlapci. \u00da\u010dast nebyla velk\u00e1 a po jedn\u00e9 proh\u0159e a jedn\u00e9 v\u00fdh\u0159e obsadili 2.&nbsp;m\u00edsto. <\/p>\n\n\n\n<p>Gratulujeme v\u0161em t\u00fdm\u016fm za jejich v\u00fdkony a t\u011b\u0161\u00edme se na p\u0159\u00ed\u0161t\u00ed rok. <\/p>\n\n\n\n<p>Bc. Kry\u0161tof Fridrich<\/p>\n\n\n\n<p><\/p>\n\n\n\n<figure class=\"wp-block-image size-large\"><img decoding=\"async\" src=\"https:\/\/www.prumkadc.cz\/wp-content\/uploads\/2023\/12\/volejbal_2023_6-1024x768.jpg\" alt=\"\" class=\"wp-image-4420\"\/><\/figure>\n\n\n\n<figure class=\"wp-block-image size-full\"><img decoding=\"async\" src=\"https:\/\/www.prumkadc.cz\/wp-content\/uploads\/2023\/12\/volejbal_2023_10_1.jpg\" alt=\"\" class=\"wp-image-4421\"\/><\/figure>\n\n\n\n<figure class=\"wp-block-image size-large\"><img decoding=\"async\" src=\"https:\/\/www.prumkadc.cz\/wp-content\/uploads\/2023\/12\/volejbal_2023_3-1024x768.jpg\" alt=\"\" class=\"wp-image-4422\"\/><\/figure>\n\n\n\n<figure class=\"wp-block-image size-large\"><img decoding=\"async\" src=\"https:\/\/www.prumkadc.cz\/wp-content\/uploads\/2023\/12\/volejbal_2023_8-768x1024.jpg\" alt=\"\" class=\"wp-image-4423\"\/><\/figure>\n\n\n\n<figure class=\"wp-block-image size-large\"><img decoding=\"async\" src=\"https:\/\/www.prumkadc.cz\/wp-content\/uploads\/2023\/12\/volejbal_2023_9-1024x768.jpg\" alt=\"\" class=\"wp-image-4424\"\/><\/figure>\n","protected":false},"excerpt":{"rendered":"<p>Ve dnech 13.12.&nbsp;a 14.12.&nbsp;2023 se konalo na Evropsk\u00e9 obchodn\u00ed akademii fin\u00e1le okresn\u00edho volejbalov\u00e9ho turnaje. Prvn\u00ed den bojovala d\u011bv\u010data, kter\u00e1 si vedla velice dob\u0159e, a i p\u0159es velkou marodku postoupila ze skupiny. Nakonec d\u011bv\u010data vybojovala 4.&nbsp;m\u00edsto. Druh\u00fd den nastoupili chlapci. \u00da\u010dast nebyla velk\u00e1 a po jedn\u00e9 proh\u0159e a jedn\u00e9 v\u00fdh\u0159e obsadili 2.&nbsp;m\u00edsto. Gratulujeme v\u0161em t\u00fdm\u016fm za [&hellip;]<\/p>\n","protected":false},"author":5,"featured_media":0,"comment_status":"closed","ping_status":"open","sticky":false,"template":"","format":"standard","meta":{"_acf_changed":false,"footnotes":""},"categories":[1],"tags":[],"class_list":["post-4417","post","type-post","status-publish","format-standard","hentry","category-uncategorized"],"acf":[],"_links":{"self":[{"href":"https:\/\/www.prumkadc.cz\/index.php\/wp-json\/wp\/v2\/posts\/4417","targetHints":{"allow":["GET"]}}],"collection":[{"href":"https:\/\/www.prumkadc.cz\/index.php\/wp-json\/wp\/v2\/posts"}],"about":[{"href":"https:\/\/www.prumkadc.cz\/index.php\/wp-json\/wp\/v2\/types\/post"}],"author":[{"embeddable":true,"href":"https:\/\/www.prumkadc.cz\/index.php\/wp-json\/wp\/v2\/users\/5"}],"replies":[{"embeddable":true,"href":"https:\/\/www.prumkadc.cz\/index.php\/wp-json\/wp\/v2\/comments?post=4417"}],"version-history":[{"count":0,"href":"https:\/\/www.prumkadc.cz\/index.php\/wp-json\/wp\/v2\/posts\/4417\/revisions"}],"wp:attachment":[{"href":"https:\/\/www.prumkadc.cz\/index.php\/wp-json\/wp\/v2\/media?parent=4417"}],"wp:term":[{"taxonomy":"category","embeddable":true,"href":"https:\/\/www.prumkadc.cz\/index.php\/wp-json\/wp\/v2\/categories?post=4417"},{"taxonomy":"post_tag","embeddable":true,"href":"https:\/\/www.prumkadc.cz\/index.php\/wp-json\/wp\/v2\/tags?post=4417"}],"curies":[{"name":"wp","href":"https:\/\/api.w.org\/{rel}","templated":true}]}}