{"id":4488,"date":"2024-01-12T07:08:04","date_gmt":"2024-01-12T07:08:04","guid":{"rendered":"https:\/\/www.prumkadc.cz\/?p=4488"},"modified":"2024-01-12T07:08:06","modified_gmt":"2024-01-12T07:08:06","slug":"prvni-lyzarsky-kurz-paseky","status":"publish","type":"post","link":"https:\/\/www.prumkadc.cz\/index.php\/2024\/01\/12\/prvni-lyzarsky-kurz-paseky\/","title":{"rendered":"Prvn\u00ed ly\u017ea\u0159sk\u00fd kurz Paseky"},"content":{"rendered":"\n<p>Prvn\u00ed ly\u017ea\u0159sk\u00fd kurz v&nbsp;tomto roce se bl\u00ed\u017e\u00ed ke konci. Po\u010das\u00ed n\u00e1m p\u0159\u00e1lo, co v\u00edc si na hor\u00e1ch p\u0159\u00e1t. Chv\u00e1l\u00edme studenty t\u0159\u00edd E2, S2 a 2T. Paseky nad Jizerou uk\u00e1zaly opravdu perfektn\u00ed podm\u00ednky na \u010desk\u00fdch hor\u00e1ch a my se t\u011b\u0161\u00edme na dal\u0161\u00ed kurz v&nbsp;term\u00ednu 21.-26.1.&nbsp;s&nbsp;t\u0159\u00eddami 2A, 2B a 2Z.\u00a0<\/p>\n\n\n\n<p>Za katedru t\u011blesn\u00e9 v\u00fdchovy Jan Mare\u0161, Tom\u00e1\u0161 Eibl, Jana Roudnick\u00e1 a Kry\u0161tof Fridrich<\/p>\n\n\n\n<figure class=\"wp-block-image size-large\"><img decoding=\"async\" src=\"https:\/\/www.prumkadc.cz\/wp-content\/uploads\/2024\/01\/IMG_0219-768x1024.jpeg\" alt=\"\" class=\"wp-image-4489\"\/><\/figure>\n\n\n\n<figure class=\"wp-block-image size-large\"><img decoding=\"async\" src=\"https:\/\/www.prumkadc.cz\/wp-content\/uploads\/2024\/01\/IMG_0206-1024x768.jpeg\" alt=\"\" class=\"wp-image-4491\"\/><\/figure>\n\n\n\n<figure class=\"wp-block-image size-large\"><img decoding=\"async\" src=\"https:\/\/www.prumkadc.cz\/wp-content\/uploads\/2024\/01\/IMG_0211-768x1024.jpeg\" alt=\"\" class=\"wp-image-4492\"\/><\/figure>\n","protected":false},"excerpt":{"rendered":"<p>Prvn\u00ed ly\u017ea\u0159sk\u00fd kurz v&nbsp;tomto roce se bl\u00ed\u017e\u00ed ke konci. Po\u010das\u00ed n\u00e1m p\u0159\u00e1lo, co v\u00edc si na hor\u00e1ch p\u0159\u00e1t. Chv\u00e1l\u00edme studenty t\u0159\u00edd E2, S2 a 2T. Paseky nad Jizerou uk\u00e1zaly opravdu perfektn\u00ed podm\u00ednky na \u010desk\u00fdch hor\u00e1ch a my se t\u011b\u0161\u00edme na dal\u0161\u00ed kurz v&nbsp;term\u00ednu 21.-26.1.&nbsp;s&nbsp;t\u0159\u00eddami 2A, 2B a 2Z.\u00a0 Za katedru t\u011blesn\u00e9 v\u00fdchovy Jan Mare\u0161, Tom\u00e1\u0161 [&hellip;]<\/p>\n","protected":false},"author":5,"featured_media":0,"comment_status":"closed","ping_status":"open","sticky":false,"template":"","format":"standard","meta":{"_acf_changed":false,"footnotes":""},"categories":[1],"tags":[],"class_list":["post-4488","post","type-post","status-publish","format-standard","hentry","category-uncategorized"],"acf":[],"_links":{"self":[{"href":"https:\/\/www.prumkadc.cz\/index.php\/wp-json\/wp\/v2\/posts\/4488","targetHints":{"allow":["GET"]}}],"collection":[{"href":"https:\/\/www.prumkadc.cz\/index.php\/wp-json\/wp\/v2\/posts"}],"about":[{"href":"https:\/\/www.prumkadc.cz\/index.php\/wp-json\/wp\/v2\/types\/post"}],"author":[{"embeddable":true,"href":"https:\/\/www.prumkadc.cz\/index.php\/wp-json\/wp\/v2\/users\/5"}],"replies":[{"embeddable":true,"href":"https:\/\/www.prumkadc.cz\/index.php\/wp-json\/wp\/v2\/comments?post=4488"}],"version-history":[{"count":0,"href":"https:\/\/www.prumkadc.cz\/index.php\/wp-json\/wp\/v2\/posts\/4488\/revisions"}],"wp:attachment":[{"href":"https:\/\/www.prumkadc.cz\/index.php\/wp-json\/wp\/v2\/media?parent=4488"}],"wp:term":[{"taxonomy":"category","embeddable":true,"href":"https:\/\/www.prumkadc.cz\/index.php\/wp-json\/wp\/v2\/categories?post=4488"},{"taxonomy":"post_tag","embeddable":true,"href":"https:\/\/www.prumkadc.cz\/index.php\/wp-json\/wp\/v2\/tags?post=4488"}],"curies":[{"name":"wp","href":"https:\/\/api.w.org\/{rel}","templated":true}]}}