{"id":4522,"date":"2024-01-29T08:00:19","date_gmt":"2024-01-29T08:00:19","guid":{"rendered":"https:\/\/www.prumkadc.cz\/?p=4522"},"modified":"2024-01-29T08:00:22","modified_gmt":"2024-01-29T08:00:22","slug":"paseky-podruhe","status":"publish","type":"post","link":"https:\/\/www.prumkadc.cz\/index.php\/2024\/01\/29\/paseky-podruhe\/","title":{"rendered":"Paseky podruh\u00e9"},"content":{"rendered":"\n<p>Druh\u00fd ly\u017ea\u0159sk\u00fd kurz v&nbsp;Pasek\u00e1ch nad Jizerou je u konce. Podm\u00ednky ob\u010das nebyly ide\u00e1ln\u00ed, ale i tak, se kurz vyvedl a v\u0161ichni studenti ud\u011blali velk\u00fd pokrok. D\u011bkujeme a chv\u00e1l\u00edme studenty 2A, 2B a 2Z za jejich p\u0159istup.<\/p>\n\n\n\n<p>Za katedru t\u011blesn\u00e9 v\u00fdchovy Jan Mare\u0161, Tom\u00e1\u0161 Eibl, Jana Roudnick\u00e1 a Kry\u0161tof Fridrich<\/p>\n\n\n\n<p>Bc. Kry\u0161tof Fridrich<\/p>\n\n\n\n<p><\/p>\n\n\n\n<figure class=\"wp-block-image size-large\"><img decoding=\"async\" src=\"https:\/\/www.prumkadc.cz\/wp-content\/uploads\/2024\/01\/LVVZ2_2-1024x768.jpg\" alt=\"\" class=\"wp-image-4524\"\/><\/figure>\n\n\n\n<figure class=\"wp-block-image size-large\"><img decoding=\"async\" src=\"https:\/\/www.prumkadc.cz\/wp-content\/uploads\/2024\/01\/LVVZ2_3-576x1024.jpg\" alt=\"\" class=\"wp-image-4525\"\/><\/figure>\n\n\n\n<figure class=\"wp-block-image size-large\"><img decoding=\"async\" src=\"https:\/\/www.prumkadc.cz\/wp-content\/uploads\/2024\/01\/LVVZ2_4-1024x768.jpg\" alt=\"\" class=\"wp-image-4526\"\/><\/figure>\n\n\n\n<figure class=\"wp-block-image size-large\"><img decoding=\"async\" src=\"https:\/\/www.prumkadc.cz\/wp-content\/uploads\/2024\/01\/LVVZ2_5-1024x768.jpg\" alt=\"\" class=\"wp-image-4527\"\/><\/figure>\n\n\n\n<figure class=\"wp-block-image size-large\"><img decoding=\"async\" src=\"https:\/\/www.prumkadc.cz\/wp-content\/uploads\/2024\/01\/LVVZ2_6-768x1024.jpg\" alt=\"\" class=\"wp-image-4528\"\/><\/figure>\n","protected":false},"excerpt":{"rendered":"<p>Druh\u00fd ly\u017ea\u0159sk\u00fd kurz v&nbsp;Pasek\u00e1ch nad Jizerou je u konce. Podm\u00ednky ob\u010das nebyly ide\u00e1ln\u00ed, ale i tak, se kurz vyvedl a v\u0161ichni studenti ud\u011blali velk\u00fd pokrok. D\u011bkujeme a chv\u00e1l\u00edme studenty 2A, 2B a 2Z za jejich p\u0159istup. Za katedru t\u011blesn\u00e9 v\u00fdchovy Jan Mare\u0161, Tom\u00e1\u0161 Eibl, Jana Roudnick\u00e1 a Kry\u0161tof Fridrich Bc. Kry\u0161tof Fridrich<\/p>\n","protected":false},"author":5,"featured_media":0,"comment_status":"closed","ping_status":"open","sticky":false,"template":"","format":"standard","meta":{"_acf_changed":false,"footnotes":""},"categories":[1],"tags":[],"class_list":["post-4522","post","type-post","status-publish","format-standard","hentry","category-uncategorized"],"acf":[],"_links":{"self":[{"href":"https:\/\/www.prumkadc.cz\/index.php\/wp-json\/wp\/v2\/posts\/4522","targetHints":{"allow":["GET"]}}],"collection":[{"href":"https:\/\/www.prumkadc.cz\/index.php\/wp-json\/wp\/v2\/posts"}],"about":[{"href":"https:\/\/www.prumkadc.cz\/index.php\/wp-json\/wp\/v2\/types\/post"}],"author":[{"embeddable":true,"href":"https:\/\/www.prumkadc.cz\/index.php\/wp-json\/wp\/v2\/users\/5"}],"replies":[{"embeddable":true,"href":"https:\/\/www.prumkadc.cz\/index.php\/wp-json\/wp\/v2\/comments?post=4522"}],"version-history":[{"count":0,"href":"https:\/\/www.prumkadc.cz\/index.php\/wp-json\/wp\/v2\/posts\/4522\/revisions"}],"wp:attachment":[{"href":"https:\/\/www.prumkadc.cz\/index.php\/wp-json\/wp\/v2\/media?parent=4522"}],"wp:term":[{"taxonomy":"category","embeddable":true,"href":"https:\/\/www.prumkadc.cz\/index.php\/wp-json\/wp\/v2\/categories?post=4522"},{"taxonomy":"post_tag","embeddable":true,"href":"https:\/\/www.prumkadc.cz\/index.php\/wp-json\/wp\/v2\/tags?post=4522"}],"curies":[{"name":"wp","href":"https:\/\/api.w.org\/{rel}","templated":true}]}}