{"id":4582,"date":"2024-03-18T09:03:44","date_gmt":"2024-03-18T09:03:44","guid":{"rendered":"https:\/\/www.prumkadc.cz\/?p=4582"},"modified":"2024-03-18T09:03:47","modified_gmt":"2024-03-18T09:03:47","slug":"seminar-nove-prvky-v-zeleznicnim-stavitelstvi","status":"publish","type":"post","link":"https:\/\/www.prumkadc.cz\/index.php\/2024\/03\/18\/seminar-nove-prvky-v-zeleznicnim-stavitelstvi\/","title":{"rendered":"Semin\u00e1\u0159 \u201eNov\u00e9 prvky v&nbsp;\u017eelezni\u010dn\u00edm stavitelstv\u00ed\u201c"},"content":{"rendered":"\n<p>D\u011b\u010d\u00ednsk\u00e1 pr\u016fmyslovka uspo\u0159\u00e1dala ve dnech 14.&nbsp;a 15.&nbsp;\u00fanora 2024 sv\u016fj tradi\u010dn\u00ed semin\u00e1\u0159 se \u017eelezni\u010dn\u00ed t\u00e9matikou. Leto\u0161n\u00ed semin\u00e1\u0159 pod n\u00e1zvem \u201eNov\u00e9 prvky v&nbsp;\u017eelezni\u010dn\u00edm stavitelstv\u00ed\u201c se konal jako v\u017edy pod z\u00e1\u0161titou gener\u00e1ln\u00edho \u0159editele Spr\u00e1vy \u017eeleznic Bc. Ji\u0159\u00edho Svobody, MBA a byl p\u0159ipraven ve spolupr\u00e1ci s&nbsp;Oblastn\u00ed komorou \u010cKAIT \u00dast\u00ed nad Labem, kter\u00e1 akci za\u0159adila do projektu celo\u017eivotn\u00edho vzd\u011bl\u00e1v\u00e1n\u00ed. P\u0159edn\u00e1\u0161kov\u00fd s\u00e1l \u2013 slavnostn\u011b upraven\u00e1 j\u00eddelna &#8211; byl zapln\u011bn do posledn\u00edho m\u00edsta, semin\u00e1\u0159e se z\u00fa\u010dastnilo cca 260 \u00fa\u010dastn\u00edk\u016f, z&nbsp;toho cca 80 se jich p\u0159ipojilo k&nbsp;semin\u00e1\u0159i vzd\u00e1len\u00fdm p\u0159\u00edstupem.<br>\u00da\u010dastn\u00edky p\u0159iv\u00edtala naposledy ve sv\u00e9 funkci \u0159editelka \u0161koly Ing. Jana Vackov\u00e1. Zah\u00e1jen\u00ed semin\u00e1\u0159e se ujal \u0159editel person\u00e1ln\u00edho odboru gener\u00e1ln\u00edho \u0159editelstv\u00ed Spr\u00e1vy \u017deleznic Ing. Pavel Kouck\u00fd, kter\u00fd vyj\u00e1d\u0159il podporu po\u0159\u00e1dan\u00e9mu semin\u00e1\u0159i a uzn\u00e1n\u00ed po\u0159\u00e1daj\u00edc\u00ed \u0161kole. D\u00e1le \u00fa\u010dastn\u00edky pozdravil Ing. Martin Ka\u0161par, \u0159editel oblastn\u00edho \u0159editelstv\u00ed \u00dast\u00ed nad Labem Spr\u00e1vy \u017eeleznic, a \u0159editel Okresn\u00ed hospod\u00e1\u0159sk\u00e9 komory D\u011b\u010d\u00edn Ji\u0159\u00ed \u0160tajner. V\u0161echny p\u0159\u00edtomn\u00e9 p\u0159iv\u00edtal v&nbsp;D\u011b\u010d\u00edn\u011b prim\u00e1tor statut\u00e1rn\u00edho m\u011bsta D\u011b\u010d\u00edn Ing. Ji\u0159\u00ed And\u011bl a podotkl, \u017ee se m\u011bsto D\u011b\u010d\u00edn ka\u017edoro\u010dn\u011b m\u011bn\u00ed na m\u00edsto setk\u00e1v\u00e1n\u00ed specializovan\u00fdch odborn\u00edk\u016f \u2013 \u017eelezni\u010dn\u00edch stavitel\u016f.<br>Na p\u0159\u00edprav\u011b p\u0159edn\u00e1\u0161ek spolupracovali akademi\u010dt\u00ed pracovn\u00edci, p\u0159edn\u00ed firmy a spole\u010dnosti zab\u00fdvaj\u00edc\u00ed se \u017eelezni\u010dn\u00edm stavitelstv\u00edm. T\u00e9mata a novinky vzbudily opravdu velik\u00fd z\u00e1jem, zaujaly sv\u00fdm obsahem i svou sm\u011blost\u00ed.<br>\u00davodn\u00ed p\u0159edn\u00e1\u0161ky se ujal Ing. Anton\u00edn Bla\u017eek, Ph.D. a p\u0159edstavil Sdru\u017een\u00ed pro infrastrukturu \u017eeleznic a Sdru\u017een\u00ed pro interoperabilitu \u017eelezni\u010dn\u00ed infrastruktury. N\u00e1sleduj\u00edc\u00ed p\u0159edn\u00e1\u0161ky se zam\u011b\u0159ily na novinky ze stavebn\u00ed praxe a byly prezentov\u00e1ny zam\u011bstnanci Spr\u00e1vy \u017eeleznic a zam\u011bstnanci renomovan\u00fdch firem \u2013 nap\u0159. Ing. Vladim\u00edr Kamp\u00edk A\u017dD, Ing. Peter Bado GJW Praha, Ing. Radka Sobotkov\u00e1 Inprovia, Ing. Zbyn\u011bk Myn\u00e1\u0159 ze Swietelsky Rail.<br>Nem\u00e9n\u011b d\u016fle\u017eit\u00e9 a zaj\u00edmav\u00e9 byly p\u0159\u00edsp\u011bvky kolektiv\u016f pedagog\u016f VUT v&nbsp;Brn\u011b pod veden\u00edm Ing. Otto Pl\u00e1\u0161ka a \u010cVUT Praha pod veden\u00edm Ing. Leo\u0161e Horn\u00ed\u010dka Ph.D. . Ze zahrani\u010d\u00ed sv\u00e9 novinky p\u0159edstavili pracovn\u00edci z&nbsp;Dr\u00e1\u017e\u010fansk\u00e9 university, Dr. Ing. Ulf Gerber, a \u017dilinsk\u00e9 university pod veden\u00edm prof. Ing. Libora I\u017evolta Ph.D.<br>Mezi p\u0159edn\u00e1\u0161kami byla za\u0159azena praktick\u00e1 uk\u00e1zka pr\u00e1ce a sb\u011bru a vyhodnocen\u00ed dat v&nbsp;n\u00e1vaznosti na BIM pomoc\u00ed dronov\u00fdch sn\u00edma\u010d\u016f pracovn\u00edky TechDronu.<br>Jako ka\u017ed\u00fd rok byl pro \u00fa\u010dastn\u00edky p\u0159ichyst\u00e1n doprovodn\u00fd program. Asi 60 \u00fa\u010dastn\u00edk\u016f se vydalo na D\u011b\u010d\u00ednsk\u00fd Sn\u011b\u017en\u00edk, kde absolvovali 5 km okruh doprov\u00e1zen\u00fd vyhl\u00eddkami na oblast Labsk\u00fdch p\u00edskovc\u016f, \u010ceskosask\u00e9ho \u0160v\u00fdcarska a \u010cesk\u00e9ho St\u0159edoho\u0159\u00ed. C\u00edlem bylo vystoupat na 33m vysokou kamennou rozhlednu a poslechnout si p\u0159edn\u00e1\u0161ku Ing. Nadi Saidov\u00e9 o historii zem\u011bm\u011b\u0159i\u010dstv\u00ed , budov\u00e1n\u00ed astronomicko \u2013 geodetick\u00e9 s\u00edt\u011b a o d\u016fle\u017eitosti rozhledny Sn\u011b\u017en\u00edk kter\u00e1 byla vybudov\u00e1na pro geografick\u00e9 m\u011b\u0159en\u00ed jako jeden ze z\u00e1kladn\u00edch triangula\u010dn\u00edch bod\u016f..<br>B\u011bhem t\u011bchto dvou dn\u016f nejen \u017ee prob\u00edhaly neform\u00e1ln\u00ed i odborn\u00e9 diskuze, kter\u00e9 pokra\u010dovaly p\u0159i ve\u010dern\u00edm posezen\u00ed, ale \u00fa\u010dastn\u00edci si vym\u011b\u0148ovali zku\u0161enosti a navazovaly se zde dal\u0161\u00ed vztahy.<br>D\u011b\u010d\u00ednsk\u00e1 pr\u016fmyslovka m\u00e1 z&nbsp;velik\u00e9ho z\u00e1jmu o odborn\u00fd semin\u00e1\u0159 obrovskou radost a je py\u0161n\u00e1, \u017ee si v&nbsp;tak specifick\u00e9m okruhu na\u0161la sv\u00e9 jm\u00e9no.<br>VO\u0160 a SP\u0160 D\u011b\u010d\u00edn<\/p>\n\n\n\n<figure class=\"wp-block-image size-large\"><img decoding=\"async\" src=\"https:\/\/www.prumkadc.cz\/wp-content\/uploads\/2024\/03\/FIL_4637-1024x682.jpg\" alt=\"\" class=\"wp-image-4584\"\/><\/figure>\n\n\n\n<figure class=\"wp-block-image size-large\"><img decoding=\"async\" src=\"https:\/\/www.prumkadc.cz\/wp-content\/uploads\/2024\/03\/FIL_4631-1024x682.jpg\" alt=\"\" class=\"wp-image-4585\"\/><\/figure>\n\n\n\n<figure class=\"wp-block-image size-large\"><img decoding=\"async\" src=\"https:\/\/www.prumkadc.cz\/wp-content\/uploads\/2024\/03\/FIL_4641-1024x681.jpg\" alt=\"\" class=\"wp-image-4586\"\/><\/figure>\n\n\n\n<figure class=\"wp-block-image size-large\"><img decoding=\"async\" src=\"https:\/\/www.prumkadc.cz\/wp-content\/uploads\/2024\/03\/FIL_4645-1024x681.jpg\" alt=\"\" class=\"wp-image-4587\"\/><\/figure>\n\n\n\n<figure class=\"wp-block-image size-large\"><img decoding=\"async\" src=\"https:\/\/www.prumkadc.cz\/wp-content\/uploads\/2024\/03\/FIL_4770-1024x683.jpg\" alt=\"\" class=\"wp-image-4588\"\/><\/figure>\n\n\n\n<figure class=\"wp-block-image size-large\"><img decoding=\"async\" src=\"https:\/\/www.prumkadc.cz\/wp-content\/uploads\/2024\/03\/dji_fly_20240214_163650_247_1707925026024_photo_optimized-1024x576.jpg\" alt=\"\" class=\"wp-image-4589\"\/><\/figure>\n","protected":false},"excerpt":{"rendered":"<p>D\u011b\u010d\u00ednsk\u00e1 pr\u016fmyslovka uspo\u0159\u00e1dala ve dnech 14.&nbsp;a 15.&nbsp;\u00fanora 2024 sv\u016fj tradi\u010dn\u00ed semin\u00e1\u0159 se \u017eelezni\u010dn\u00ed t\u00e9matikou. Leto\u0161n\u00ed semin\u00e1\u0159 pod n\u00e1zvem \u201eNov\u00e9 prvky v&nbsp;\u017eelezni\u010dn\u00edm stavitelstv\u00ed\u201c se konal jako v\u017edy pod z\u00e1\u0161titou gener\u00e1ln\u00edho \u0159editele Spr\u00e1vy \u017eeleznic Bc. Ji\u0159\u00edho Svobody, MBA a byl p\u0159ipraven ve spolupr\u00e1ci s&nbsp;Oblastn\u00ed komorou \u010cKAIT \u00dast\u00ed nad Labem, kter\u00e1 akci za\u0159adila do projektu celo\u017eivotn\u00edho vzd\u011bl\u00e1v\u00e1n\u00ed. P\u0159edn\u00e1\u0161kov\u00fd [&hellip;]<\/p>\n","protected":false},"author":5,"featured_media":0,"comment_status":"closed","ping_status":"open","sticky":false,"template":"","format":"standard","meta":{"_acf_changed":false,"footnotes":""},"categories":[1],"tags":[],"class_list":["post-4582","post","type-post","status-publish","format-standard","hentry","category-uncategorized"],"acf":[],"_links":{"self":[{"href":"https:\/\/www.prumkadc.cz\/index.php\/wp-json\/wp\/v2\/posts\/4582","targetHints":{"allow":["GET"]}}],"collection":[{"href":"https:\/\/www.prumkadc.cz\/index.php\/wp-json\/wp\/v2\/posts"}],"about":[{"href":"https:\/\/www.prumkadc.cz\/index.php\/wp-json\/wp\/v2\/types\/post"}],"author":[{"embeddable":true,"href":"https:\/\/www.prumkadc.cz\/index.php\/wp-json\/wp\/v2\/users\/5"}],"replies":[{"embeddable":true,"href":"https:\/\/www.prumkadc.cz\/index.php\/wp-json\/wp\/v2\/comments?post=4582"}],"version-history":[{"count":0,"href":"https:\/\/www.prumkadc.cz\/index.php\/wp-json\/wp\/v2\/posts\/4582\/revisions"}],"wp:attachment":[{"href":"https:\/\/www.prumkadc.cz\/index.php\/wp-json\/wp\/v2\/media?parent=4582"}],"wp:term":[{"taxonomy":"category","embeddable":true,"href":"https:\/\/www.prumkadc.cz\/index.php\/wp-json\/wp\/v2\/categories?post=4582"},{"taxonomy":"post_tag","embeddable":true,"href":"https:\/\/www.prumkadc.cz\/index.php\/wp-json\/wp\/v2\/tags?post=4582"}],"curies":[{"name":"wp","href":"https:\/\/api.w.org\/{rel}","templated":true}]}}