{"id":4631,"date":"2024-03-26T07:44:23","date_gmt":"2024-03-26T07:44:23","guid":{"rendered":"https:\/\/www.prumkadc.cz\/?p=4631"},"modified":"2024-03-26T07:44:26","modified_gmt":"2024-03-26T07:44:26","slug":"karierove-dny","status":"publish","type":"post","link":"https:\/\/www.prumkadc.cz\/index.php\/2024\/03\/26\/karierove-dny\/","title":{"rendered":"Kari\u00e9rov\u00e9 dny"},"content":{"rendered":"\n<p>V pr\u016fb\u011bhu b\u0159ezna se na na\u0161\u00ed \u0161kole konaly dva kari\u00e9rov\u00e9 dny.<\/p>\n\n\n\n<p>KARDEN pro stava\u0159e a vo\u0161\u00e1ky prob\u011bhl 12.3.2024 za \u00fa\u010dasti z\u00e1stupc\u016f firem, kter\u00e9 se zab\u00fdvaj\u00ed navrhov\u00e1n\u00edm a realizac\u00ed pozemn\u00edch a dopravn\u00edch staveb. \u00davodn\u00ed prezentaci k&nbsp;t\u00e9matu budov\u00e1n\u00ed osobn\u00edho brandu p\u0159ednesla Mgr, Michaela Houdov\u00e1 z&nbsp;IPS \u00daP, na kterou nav\u00e1zala diskuse se studenty. Studenti byli sezn\u00e1men\u00ed tak\u00e9 s&nbsp;mo\u017enostmi studia na zdej\u0161\u00ed VO\u0160, zejm\u00e9na perspektivn\u00edho oboru \u017delezni\u010dn\u00ed stavitelstv\u00ed.<\/p>\n\n\n\n<p>Mgr. Kate\u0159ina Bohat\u00fd Fridrichov\u00e1<\/p>\n\n\n\n<figure class=\"wp-block-image size-large\"><img decoding=\"async\" src=\"https:\/\/www.prumkadc.cz\/wp-content\/uploads\/2024\/03\/1000019751-1024x768.jpg\" alt=\"\" class=\"wp-image-4632\"\/><\/figure>\n\n\n\n<figure class=\"wp-block-image size-large\"><img decoding=\"async\" src=\"https:\/\/www.prumkadc.cz\/wp-content\/uploads\/2024\/03\/1000019772-1024x768.jpg\" alt=\"\" class=\"wp-image-4637\"\/><\/figure>\n\n\n\n<p>Ve \u010dtvrtek 21.3.&nbsp;2024 \u0161kola zorganizovala, jako ostatn\u011b ka\u017ed\u00fd rok, pro \u017e\u00e1ky 4.&nbsp;ro\u010dn\u00edku studijn\u00edch obor\u016f Elektrotechnika a Stroj\u00edrenstv\u00ed tzv. Kari\u00e9rov\u00fd den, kter\u00fd m\u00e1 za \u00fakol usnadnit \u017e\u00e1k\u016fm profesn\u00ed orientaci po ukon\u010den\u00ed studia.<br>V\u011bt\u0161ina technick\u00fdch firem se v&nbsp;sou\u010dasn\u00e9 dob\u011b pot\u00fdk\u00e1 s&nbsp;nedostatkem kvalitn\u00edch kvalifikovan\u00fdch pracovn\u00edk\u016f a tak z\u00e1jem o nab\u00eddku mo\u017enost\u00ed uplatn\u011bn\u00ed na\u0161ich absolvent\u016f byl zna\u010dn\u00fd.<br>Mimo d\u011b\u010d\u00ednsk\u00fdch firem jako nap\u0159. Chart Ferox a.s., Kabelovna Podmokly s.r.o., RYKO a.s. p\u0159edstavili sv\u00e9 spole\u010dnosti z\u00e1stupci firem \u010cEZ a.s. a dokonce i dvou pra\u017esk\u00fdch firem,<br>Elektroline a.s. Praha a GJW Praha spol. s&nbsp;r.o.<br>O absolventy technick\u00fdch obor\u016f na\u0161\u00ed \u0161koly nen\u00ed z\u00e1jem pouze na trhu pr\u00e1ce, ale z\u00e1jemci mohou pokra\u010dovat ve studiu na fakult\u00e1ch univerzit a tak mo\u017enosti studia prezentovali rovn\u011b\u017e z\u00e1stupci dvou fakult Univerzity J. E. Purkyn\u011b v&nbsp;\u00dast\u00ed nad Labem, Fakulty strojn\u00edho in\u017een\u00fdrstv\u00ed a Fakulty \u017eivotn\u00edho prost\u0159ed\u00ed.<br>Budouc\u00ed absolventi se z\u00e1jmem vyslechli nab\u00edzen\u00e9 mo\u017enosti pomaturitn\u00edho uplatn\u011bn\u00ed a v&nbsp;neform\u00e1ln\u00edch rozhovorech pak s&nbsp;p\u0159edn\u00e1\u0161ej\u00edc\u00edmi je\u0161t\u011b prob\u00edrali n\u011bkter\u00e9 podrobnosti.<br>Nyn\u00ed jen zb\u00fdv\u00e1 ud\u011blat ten posledn\u00ed krok, kter\u00fdm je vykonat \u00fasp\u011b\u0161n\u011b maturitu a pak se spr\u00e1vn\u011b rozhodnout.<\/p>\n\n\n\n<p>Ing. Miroslav Dlask<\/p>\n\n\n\n<figure class=\"wp-block-image size-large\"><img decoding=\"async\" src=\"https:\/\/www.prumkadc.cz\/wp-content\/uploads\/2024\/03\/1711118655448-1024x1024.jpg\" alt=\"\" class=\"wp-image-4634\"\/><\/figure>\n\n\n\n<figure class=\"wp-block-image size-large\"><img decoding=\"async\" src=\"https:\/\/www.prumkadc.cz\/wp-content\/uploads\/2024\/03\/20240321_101147-1024x768.jpg\" alt=\"\" class=\"wp-image-4636\"\/><\/figure>\n","protected":false},"excerpt":{"rendered":"<p>V pr\u016fb\u011bhu b\u0159ezna se na na\u0161\u00ed \u0161kole konaly dva kari\u00e9rov\u00e9 dny. KARDEN pro stava\u0159e a vo\u0161\u00e1ky prob\u011bhl 12.3.2024 za \u00fa\u010dasti z\u00e1stupc\u016f firem, kter\u00e9 se zab\u00fdvaj\u00ed navrhov\u00e1n\u00edm a realizac\u00ed pozemn\u00edch a dopravn\u00edch staveb. \u00davodn\u00ed prezentaci k&nbsp;t\u00e9matu budov\u00e1n\u00ed osobn\u00edho brandu p\u0159ednesla Mgr, Michaela Houdov\u00e1 z&nbsp;IPS \u00daP, na kterou nav\u00e1zala diskuse se studenty. Studenti byli sezn\u00e1men\u00ed tak\u00e9 s&nbsp;mo\u017enostmi [&hellip;]<\/p>\n","protected":false},"author":5,"featured_media":0,"comment_status":"closed","ping_status":"open","sticky":false,"template":"","format":"standard","meta":{"_acf_changed":false,"footnotes":""},"categories":[1],"tags":[],"class_list":["post-4631","post","type-post","status-publish","format-standard","hentry","category-uncategorized"],"acf":[],"_links":{"self":[{"href":"https:\/\/www.prumkadc.cz\/index.php\/wp-json\/wp\/v2\/posts\/4631","targetHints":{"allow":["GET"]}}],"collection":[{"href":"https:\/\/www.prumkadc.cz\/index.php\/wp-json\/wp\/v2\/posts"}],"about":[{"href":"https:\/\/www.prumkadc.cz\/index.php\/wp-json\/wp\/v2\/types\/post"}],"author":[{"embeddable":true,"href":"https:\/\/www.prumkadc.cz\/index.php\/wp-json\/wp\/v2\/users\/5"}],"replies":[{"embeddable":true,"href":"https:\/\/www.prumkadc.cz\/index.php\/wp-json\/wp\/v2\/comments?post=4631"}],"version-history":[{"count":0,"href":"https:\/\/www.prumkadc.cz\/index.php\/wp-json\/wp\/v2\/posts\/4631\/revisions"}],"wp:attachment":[{"href":"https:\/\/www.prumkadc.cz\/index.php\/wp-json\/wp\/v2\/media?parent=4631"}],"wp:term":[{"taxonomy":"category","embeddable":true,"href":"https:\/\/www.prumkadc.cz\/index.php\/wp-json\/wp\/v2\/categories?post=4631"},{"taxonomy":"post_tag","embeddable":true,"href":"https:\/\/www.prumkadc.cz\/index.php\/wp-json\/wp\/v2\/tags?post=4631"}],"curies":[{"name":"wp","href":"https:\/\/api.w.org\/{rel}","templated":true}]}}