{"id":4645,"date":"2024-03-26T14:53:41","date_gmt":"2024-03-26T14:53:41","guid":{"rendered":"https:\/\/www.prumkadc.cz\/?p=4645"},"modified":"2024-03-26T14:53:44","modified_gmt":"2024-03-26T14:53:44","slug":"matematicky-klokan","status":"publish","type":"post","link":"https:\/\/www.prumkadc.cz\/index.php\/2024\/03\/26\/matematicky-klokan\/","title":{"rendered":"Matematick\u00fd klokan"},"content":{"rendered":"\n<p>V\u00a0p\u00e1tek 22.&nbsp;3.&nbsp;2024 se konala celost\u00e1tn\u00ed matematick\u00e1 sout\u011b\u017e Matematick\u00fd klokan. Z\u00a0na\u0161\u00ed \u0161koly se jej \u00fa\u010dastnilo 47 \u017e\u00e1k\u016f, z\u00a0toho 30 \u017e\u00e1k\u016f\u00a0 v\u00a0kategorii Junior a\u00a0 17 \u017e\u00e1k\u016f v\u00a0kategorii Student.<\/p>\n\n\n\n<p>Kategorii Junior vyhr\u00e1l Petr Mon\u010dek ze t\u0159\u00eddy 1A. Na druh\u00e9m m\u00edst\u011b je Tom\u00e1\u0161 Por\u010d ze t\u0159\u00eddy E2 a 3.&nbsp;m\u00edsto obsadil Ond\u0159ej Schwarz ze t\u0159\u00eddy 2A.<\/p>\n\n\n\n<p>Kategorie Student m\u011bla sice ni\u017e\u0161\u00ed bodov\u00e9 hodnocen\u00ed, ale i zde m\u00e1me v\u00edt\u011bze. Nejv\u00edc bod\u016f z\u00edskal Hugo Samuel Zv\u00ed\u0159ec\u00ed ze t\u0159\u00edda E3A, na druh\u00e9m m\u00edst\u011b je Lucie Leknerov\u00e1 za t\u0159\u00eddy 3A a t\u0159et\u00ed pozici zaujal V\u00e1clav Andr\u0161 z&nbsp;E3B.<\/p>\n\n\n\n<p>V\u00edt\u011bz\u016fm blahop\u0159ejeme a v\u0161em odv\u00e1\u017en\u00fdm \u0159e\u0161itel\u016fm d\u011bkujeme za \u00fa\u010dast.\u00a0<\/p>\n","protected":false},"excerpt":{"rendered":"<p>V\u00a0p\u00e1tek 22.&nbsp;3.&nbsp;2024 se konala celost\u00e1tn\u00ed matematick\u00e1 sout\u011b\u017e Matematick\u00fd klokan. Z\u00a0na\u0161\u00ed \u0161koly se jej \u00fa\u010dastnilo 47 \u017e\u00e1k\u016f, z\u00a0toho 30 \u017e\u00e1k\u016f\u00a0 v\u00a0kategorii Junior a\u00a0 17 \u017e\u00e1k\u016f v\u00a0kategorii Student. Kategorii Junior vyhr\u00e1l Petr Mon\u010dek ze t\u0159\u00eddy 1A. Na druh\u00e9m m\u00edst\u011b je Tom\u00e1\u0161 Por\u010d ze t\u0159\u00eddy E2 a 3.&nbsp;m\u00edsto obsadil Ond\u0159ej Schwarz ze t\u0159\u00eddy 2A. Kategorie Student m\u011bla sice [&hellip;]<\/p>\n","protected":false},"author":5,"featured_media":0,"comment_status":"closed","ping_status":"open","sticky":false,"template":"","format":"standard","meta":{"_acf_changed":false,"footnotes":""},"categories":[1],"tags":[],"class_list":["post-4645","post","type-post","status-publish","format-standard","hentry","category-uncategorized"],"acf":[],"_links":{"self":[{"href":"https:\/\/www.prumkadc.cz\/index.php\/wp-json\/wp\/v2\/posts\/4645","targetHints":{"allow":["GET"]}}],"collection":[{"href":"https:\/\/www.prumkadc.cz\/index.php\/wp-json\/wp\/v2\/posts"}],"about":[{"href":"https:\/\/www.prumkadc.cz\/index.php\/wp-json\/wp\/v2\/types\/post"}],"author":[{"embeddable":true,"href":"https:\/\/www.prumkadc.cz\/index.php\/wp-json\/wp\/v2\/users\/5"}],"replies":[{"embeddable":true,"href":"https:\/\/www.prumkadc.cz\/index.php\/wp-json\/wp\/v2\/comments?post=4645"}],"version-history":[{"count":0,"href":"https:\/\/www.prumkadc.cz\/index.php\/wp-json\/wp\/v2\/posts\/4645\/revisions"}],"wp:attachment":[{"href":"https:\/\/www.prumkadc.cz\/index.php\/wp-json\/wp\/v2\/media?parent=4645"}],"wp:term":[{"taxonomy":"category","embeddable":true,"href":"https:\/\/www.prumkadc.cz\/index.php\/wp-json\/wp\/v2\/categories?post=4645"},{"taxonomy":"post_tag","embeddable":true,"href":"https:\/\/www.prumkadc.cz\/index.php\/wp-json\/wp\/v2\/tags?post=4645"}],"curies":[{"name":"wp","href":"https:\/\/api.w.org\/{rel}","templated":true}]}}