{"id":4650,"date":"2024-04-02T07:31:50","date_gmt":"2024-04-02T07:31:50","guid":{"rendered":"https:\/\/www.prumkadc.cz\/?p=4650"},"modified":"2024-04-02T07:31:53","modified_gmt":"2024-04-02T07:31:53","slug":"neisse-elekro-2024","status":"publish","type":"post","link":"https:\/\/www.prumkadc.cz\/index.php\/2024\/04\/02\/neisse-elekro-2024\/","title":{"rendered":"NEISSE-ELEKRO 2024"},"content":{"rendered":"\n<p>16.3.&nbsp;2024 se na Vysok\u00e9 \u0161kole v\u00a0n\u011bmeck\u00e9 \u017ditav\u011b (Hochschule Zittau, Fakult\u00e4t Elektrotechnik und Informatik) konal ji\u017e 30.&nbsp;ro\u010dn\u00edk Elektrotechnick\u00e9 olympi\u00e1dy student\u016f st\u0159edn\u00edch odborn\u00fdch \u0161kol z\u00a0trojmez\u00ed \u010ceska, N\u011bmecka a Polska.<br>Na\u0161\u00ed pr\u016fmyslovku za doprovodu Ing. Bene\u0161e reprezentovali \u017e\u00e1ci Richard Skotnica, t\u0159. E4 a ze t\u0159\u00eddy E3B Vladim\u00edr \u0160ulc a Radek Vlach.<br>Hlavn\u00edm \u00fa\u010delem sout\u011b\u017ee, kterou po\u0159\u00e1d\u00e1 Fakulta elektrotechniky a informatiky, nen\u00ed jen p\u0159ibl\u00ed\u017eit st\u0159edo\u0161kol\u00e1k\u016fm po maturit\u011b mo\u017enost studia na zmi\u0148ovan\u00e9 vysok\u00e9 \u0161kole, ale tak\u00e9 pom\u011b\u0159it s\u00a0ostatn\u00edmi vrstevn\u00edky sv\u00e9 elektrotechnick\u00e9 znalosti.<br>Na rozd\u00edl od minul\u00fdch ro\u010dn\u00edk\u016f sout\u011b\u017ee, kdy se na\u0161i \u017e\u00e1ci umis\u0165ovali v\u00a0prvn\u00ed des\u00edtce sout\u011b\u017e\u00edc\u00edch, se letos na\u0161im borc\u016fm neda\u0159ilo. Nejl\u00e9pe se um\u00edstil Richard Skotnica, kter\u00fd byl 31., Radek Vlach skon\u010dil 35.&nbsp;a Vladim\u00edr \u0160ulc obsadil 36.&nbsp;m\u00edsto z&nbsp;celkem 45 \u00fa\u010dastn\u00edk\u016f.<br>I tak ale d\u011bkujeme za reprezentaci \u0161koly s\u00a0p\u0159\u00e1n\u00edm lep\u0161\u00edho um\u00edst\u011bn\u00ed v\u00a0p\u0159\u00ed\u0161t\u00edm ro\u010dn\u00edku sout\u011b\u017ee.<br>Po\u0159adatel\u00e9 sout\u011b\u017ei p\u0159ikl\u00e1daj\u00ed velkou v\u00e1hu, o \u010dem\u017e sv\u011bd\u010d\u00ed \u00fa\u010dast v\u00fdznamn\u00fdch osobnost\u00ed Saska i p\u0159ilehl\u00fdch region\u016f \u010ceska a Polska na z\u00e1v\u011bre\u010dn\u00e9m vyhl\u00e1\u0161en\u00ed v\u00fdsledk\u016f v\u00a0Ryt\u00ed\u0159sk\u00e9m s\u00e1le radnice v\u00a0\u017ditav\u011b.<\/p>\n\n\n\n<p>Miroslav Dlask<\/p>\n\n\n\n<figure class=\"wp-block-image size-large\"><img decoding=\"async\" src=\"https:\/\/www.prumkadc.cz\/wp-content\/uploads\/2024\/04\/F1A8927-1024x683.jpg\" alt=\"\" class=\"wp-image-4652\"\/><\/figure>\n\n\n\n<figure class=\"wp-block-image size-large\"><img decoding=\"async\" src=\"https:\/\/www.prumkadc.cz\/wp-content\/uploads\/2024\/04\/F1A9807-1024x683.jpg\" alt=\"\" class=\"wp-image-4653\"\/><\/figure>\n","protected":false},"excerpt":{"rendered":"<p>16.3.&nbsp;2024 se na Vysok\u00e9 \u0161kole v\u00a0n\u011bmeck\u00e9 \u017ditav\u011b (Hochschule Zittau, Fakult\u00e4t Elektrotechnik und Informatik) konal ji\u017e 30.&nbsp;ro\u010dn\u00edk Elektrotechnick\u00e9 olympi\u00e1dy student\u016f st\u0159edn\u00edch odborn\u00fdch \u0161kol z\u00a0trojmez\u00ed \u010ceska, N\u011bmecka a Polska.Na\u0161\u00ed pr\u016fmyslovku za doprovodu Ing. Bene\u0161e reprezentovali \u017e\u00e1ci Richard Skotnica, t\u0159. E4 a ze t\u0159\u00eddy E3B Vladim\u00edr \u0160ulc a Radek Vlach.Hlavn\u00edm \u00fa\u010delem sout\u011b\u017ee, kterou po\u0159\u00e1d\u00e1 Fakulta elektrotechniky a informatiky, [&hellip;]<\/p>\n","protected":false},"author":5,"featured_media":0,"comment_status":"closed","ping_status":"open","sticky":false,"template":"","format":"standard","meta":{"_acf_changed":false,"footnotes":""},"categories":[1],"tags":[],"class_list":["post-4650","post","type-post","status-publish","format-standard","hentry","category-uncategorized"],"acf":[],"_links":{"self":[{"href":"https:\/\/www.prumkadc.cz\/index.php\/wp-json\/wp\/v2\/posts\/4650","targetHints":{"allow":["GET"]}}],"collection":[{"href":"https:\/\/www.prumkadc.cz\/index.php\/wp-json\/wp\/v2\/posts"}],"about":[{"href":"https:\/\/www.prumkadc.cz\/index.php\/wp-json\/wp\/v2\/types\/post"}],"author":[{"embeddable":true,"href":"https:\/\/www.prumkadc.cz\/index.php\/wp-json\/wp\/v2\/users\/5"}],"replies":[{"embeddable":true,"href":"https:\/\/www.prumkadc.cz\/index.php\/wp-json\/wp\/v2\/comments?post=4650"}],"version-history":[{"count":0,"href":"https:\/\/www.prumkadc.cz\/index.php\/wp-json\/wp\/v2\/posts\/4650\/revisions"}],"wp:attachment":[{"href":"https:\/\/www.prumkadc.cz\/index.php\/wp-json\/wp\/v2\/media?parent=4650"}],"wp:term":[{"taxonomy":"category","embeddable":true,"href":"https:\/\/www.prumkadc.cz\/index.php\/wp-json\/wp\/v2\/categories?post=4650"},{"taxonomy":"post_tag","embeddable":true,"href":"https:\/\/www.prumkadc.cz\/index.php\/wp-json\/wp\/v2\/tags?post=4650"}],"curies":[{"name":"wp","href":"https:\/\/api.w.org\/{rel}","templated":true}]}}