{"id":4669,"date":"2024-04-05T07:12:54","date_gmt":"2024-04-05T07:12:54","guid":{"rendered":"https:\/\/www.prumkadc.cz\/?p=4669"},"modified":"2024-04-05T07:12:57","modified_gmt":"2024-04-05T07:12:57","slug":"zimni-exkurze-do-alp-2","status":"publish","type":"post","link":"https:\/\/www.prumkadc.cz\/index.php\/2024\/04\/05\/zimni-exkurze-do-alp-2\/","title":{"rendered":"Zimn\u00ed exkurze do Alp"},"content":{"rendered":"\n<p>Leto\u0161n\u00ed ly\u017ea\u0159kou zimn\u00ed sez\u00f3nu jsme uzav\u0159eli na\u0161\u00ed ka\u017edoro\u010dn\u00ed zimn\u00ed exkurz\u00ed do Alp, kter\u00e9 se z\u00fa\u010dast\u0148uj\u00ed studenti nap\u0159\u00ed\u010d celou na\u0161\u00ed \u0161kolou. A\u010dkoliv p\u0159edpov\u011b\u010f po\u010das\u00ed nevypadala \u00fapln\u011b slibn\u011b, studenti si nakonec u\u017eili p\u011bt dn\u00ed toho nejlep\u0161\u00edho ly\u017eov\u00e1n\u00ed v&nbsp;ly\u017ea\u0159sk\u00fdch st\u0159edisc\u00edch Zettersfeld, Sankt Jakob, Matrei, Sillian. M\u00e1me radost ze st\u00e1l\u00e9ho z\u00e1jm\u016f student\u016f, kte\u0159\u00ed si cht\u011bj\u00ed u\u017e\u00edt to nejlep\u0161\u00ed jarn\u00ed ly\u017eov\u00e1n\u00ed a t\u011b\u0161\u00edme se op\u011bt na dal\u0161\u00ed ro\u010dn\u00edk.<br>SKOL<\/p>\n\n\n\n<figure class=\"wp-block-image size-large\"><img decoding=\"async\" src=\"https:\/\/www.prumkadc.cz\/wp-content\/uploads\/2024\/04\/2024-03-28-Zimni-Alpy-1024x768.jpg\" alt=\"\" class=\"wp-image-4671\"\/><\/figure>\n\n\n\n<figure class=\"wp-block-image size-large\"><img decoding=\"async\" src=\"https:\/\/www.prumkadc.cz\/wp-content\/uploads\/2024\/04\/2024-03-28-Zimni-Alpy2-768x1024.jpg\" alt=\"\" class=\"wp-image-4672\"\/><\/figure>\n\n\n\n<figure class=\"wp-block-image size-large\"><img decoding=\"async\" src=\"https:\/\/www.prumkadc.cz\/wp-content\/uploads\/2024\/04\/2024-03-28-Zimni-Alpy3-1024x768.jpg\" alt=\"\" class=\"wp-image-4673\"\/><\/figure>\n\n\n\n<figure class=\"wp-block-image size-large\"><img decoding=\"async\" src=\"https:\/\/www.prumkadc.cz\/wp-content\/uploads\/2024\/04\/2024-03-28-Zimni-Alpy4-1024x464.jpg\" alt=\"\" class=\"wp-image-4674\"\/><\/figure>\n\n\n\n<figure class=\"wp-block-image size-large\"><img decoding=\"async\" src=\"https:\/\/www.prumkadc.cz\/wp-content\/uploads\/2024\/04\/2024-03-28-Zimni-Alpy6-768x1024.jpg\" alt=\"\" class=\"wp-image-4675\"\/><\/figure>\n","protected":false},"excerpt":{"rendered":"<p>Leto\u0161n\u00ed ly\u017ea\u0159kou zimn\u00ed sez\u00f3nu jsme uzav\u0159eli na\u0161\u00ed ka\u017edoro\u010dn\u00ed zimn\u00ed exkurz\u00ed do Alp, kter\u00e9 se z\u00fa\u010dast\u0148uj\u00ed studenti nap\u0159\u00ed\u010d celou na\u0161\u00ed \u0161kolou. A\u010dkoliv p\u0159edpov\u011b\u010f po\u010das\u00ed nevypadala \u00fapln\u011b slibn\u011b, studenti si nakonec u\u017eili p\u011bt dn\u00ed toho nejlep\u0161\u00edho ly\u017eov\u00e1n\u00ed v&nbsp;ly\u017ea\u0159sk\u00fdch st\u0159edisc\u00edch Zettersfeld, Sankt Jakob, Matrei, Sillian. M\u00e1me radost ze st\u00e1l\u00e9ho z\u00e1jm\u016f student\u016f, kte\u0159\u00ed si cht\u011bj\u00ed u\u017e\u00edt to nejlep\u0161\u00ed jarn\u00ed [&hellip;]<\/p>\n","protected":false},"author":5,"featured_media":0,"comment_status":"closed","ping_status":"open","sticky":false,"template":"","format":"standard","meta":{"_acf_changed":false,"footnotes":""},"categories":[1],"tags":[],"class_list":["post-4669","post","type-post","status-publish","format-standard","hentry","category-uncategorized"],"acf":[],"_links":{"self":[{"href":"https:\/\/www.prumkadc.cz\/index.php\/wp-json\/wp\/v2\/posts\/4669","targetHints":{"allow":["GET"]}}],"collection":[{"href":"https:\/\/www.prumkadc.cz\/index.php\/wp-json\/wp\/v2\/posts"}],"about":[{"href":"https:\/\/www.prumkadc.cz\/index.php\/wp-json\/wp\/v2\/types\/post"}],"author":[{"embeddable":true,"href":"https:\/\/www.prumkadc.cz\/index.php\/wp-json\/wp\/v2\/users\/5"}],"replies":[{"embeddable":true,"href":"https:\/\/www.prumkadc.cz\/index.php\/wp-json\/wp\/v2\/comments?post=4669"}],"version-history":[{"count":0,"href":"https:\/\/www.prumkadc.cz\/index.php\/wp-json\/wp\/v2\/posts\/4669\/revisions"}],"wp:attachment":[{"href":"https:\/\/www.prumkadc.cz\/index.php\/wp-json\/wp\/v2\/media?parent=4669"}],"wp:term":[{"taxonomy":"category","embeddable":true,"href":"https:\/\/www.prumkadc.cz\/index.php\/wp-json\/wp\/v2\/categories?post=4669"},{"taxonomy":"post_tag","embeddable":true,"href":"https:\/\/www.prumkadc.cz\/index.php\/wp-json\/wp\/v2\/tags?post=4669"}],"curies":[{"name":"wp","href":"https:\/\/api.w.org\/{rel}","templated":true}]}}