{"id":4734,"date":"2024-04-22T08:17:49","date_gmt":"2024-04-22T08:17:49","guid":{"rendered":"https:\/\/www.prumkadc.cz\/?p=4734"},"modified":"2024-04-22T08:19:03","modified_gmt":"2024-04-22T08:19:03","slug":"hala-roku-junior-2024","status":"publish","type":"post","link":"https:\/\/www.prumkadc.cz\/index.php\/2024\/04\/22\/hala-roku-junior-2024\/","title":{"rendered":"Hala roku JUNIOR 2024"},"content":{"rendered":"\n<p>\u017d\u00e1ci na\u0161\u00ed \u0161koly se i letos z\u00fa\u010dastnili sout\u011b\u017ee Hala roku JUNIOR, kterou po\u0159\u00e1d\u00e1 Fakulta stavebn\u00ed \u010cVUT v&nbsp;Praze pod z\u00e1\u0161titou d\u011bkana fakulty a \u010cKAIT. Sout\u011b\u017e v&nbsp;zat\u011b\u017eov\u00e1n\u00ed \u201edoma vyhotoven\u00fdch\u201c model\u016f se konala 11.&nbsp;4.&nbsp;2024.<\/p>\n\n\n\n<p>Hodnotic\u00edm krit\u00e9riem sout\u011b\u017ee je efektivita modelu, tj. pom\u011br mezi \u00fanosnost\u00ed a&nbsp;hmotnost\u00ed modelu. Sout\u011b\u017e\u00edc\u00ed p\u0159i zat\u011b\u017eovac\u00ed zkou\u0161ce pokl\u00e1daj\u00ed na model podle p\u0159esn\u00e9ho vymezen\u00ed z\u00e1va\u017e\u00ed tak dlouho, a\u017e se konstrukce zhrout\u00ed. Vid\u00ed tak, kde bylo slab\u00e9 m\u00edsto a pro\u010d do\u0161lo k&nbsp;destrukci.<\/p>\n\n\n\n<p>Do sout\u011b\u017ee bylo zaregistrov\u00e1no 58 t\u00fdm\u016f ze 17-ti st\u0159edn\u00edch \u0161kol.<\/p>\n\n\n\n<p>Na\u0161i \u0161kolu reprezentovalo 6 t\u00fdm\u016f ve slo\u017een\u00ed: Barbora Bumbov\u00e1 (3A), Lucie Leknerov\u00e1 (3A), Ond\u0159ej Mitru\u0161ka (3A) a Beatrice Kr\u00e1lov\u00e1 (3A), Samuel Kupfer (3A), Martin I\u0161tok (3A) a Zuzana Nepomuck\u00e1 (3B), Anna Proch\u00e1zkov\u00e1 (3B) a Sofie Mendlov\u00e1 (2A), Zuzana Skaln\u00edkov\u00e1 (2A) a Luk\u00e1\u0161 Janda (2A), Milan U\u0161ala (2A), Luk\u00e1\u0161 Sobotka (2A) a&nbsp;Josef Rejna (2B), Jakub Z\u00edval (2B), Zden\u011bk Zounek (2B).<\/p>\n\n\n\n<p>Ani jeden z&nbsp;na\u0161ich t\u00fdm\u016f nebyl diskvalifikov\u00e1n.<\/p>\n\n\n\n<p>Na\u0161im nejlep\u0161\u00edm t\u00fdmem, kter\u00fd obsadil kr\u00e1sn\u00e9 12.&nbsp;m\u00edsto, byl t\u00fdm ve slo\u017een\u00ed \u201eProch\u00e1zkov\u00e1 a Nepomuck\u00e1\u201c.<\/p>\n\n\n\n<p>V\u0161em d\u011bkujeme za \u00fa\u017easn\u00e9 pracovn\u00ed nasazen\u00ed a vzornou reprezentaci \u0161koly.<\/p>\n\n\n\n<p>Ing. Al\u017ebeta Bublov\u00e1<\/p>\n\n\n\n<figure class=\"wp-block-image size-large\"><img decoding=\"async\" src=\"https:\/\/www.prumkadc.cz\/wp-content\/uploads\/2024\/04\/20240411_254_CVUT-VIC-Ryszawy-1024x683.jpg\" alt=\"\" class=\"wp-image-4736\"\/><\/figure>\n\n\n\n<figure class=\"wp-block-image size-large\"><img decoding=\"async\" src=\"https:\/\/www.prumkadc.cz\/wp-content\/uploads\/2024\/04\/IMG_20240411_084423-768x1024.jpg\" alt=\"\" class=\"wp-image-4738\"\/><\/figure>\n\n\n\n<figure class=\"wp-block-image size-large\"><img decoding=\"async\" src=\"https:\/\/www.prumkadc.cz\/wp-content\/uploads\/2024\/04\/IMG_20240411_084331-1024x768.jpg\" alt=\"\" class=\"wp-image-4737\"\/><\/figure>\n\n\n\n<figure class=\"wp-block-image size-large\"><img decoding=\"async\" src=\"https:\/\/www.prumkadc.cz\/wp-content\/uploads\/2024\/04\/IMG_20240411_091645-1024x768.jpg\" alt=\"\" class=\"wp-image-4739\"\/><\/figure>\n\n\n\n<figure class=\"wp-block-image size-large\"><img decoding=\"async\" src=\"https:\/\/www.prumkadc.cz\/wp-content\/uploads\/2024\/04\/IMG_20240411_091755-1024x768.jpg\" alt=\"\" class=\"wp-image-4740\"\/><\/figure>\n\n\n\n<figure class=\"wp-block-image size-large\"><img decoding=\"async\" src=\"https:\/\/www.prumkadc.cz\/wp-content\/uploads\/2024\/04\/IMG_20240411_101036-1024x768.jpg\" alt=\"\" class=\"wp-image-4741\"\/><\/figure>\n\n\n\n<figure class=\"wp-block-image size-large\"><img decoding=\"async\" src=\"https:\/\/www.prumkadc.cz\/wp-content\/uploads\/2024\/04\/IMG_20240411_112804-1024x768.jpg\" alt=\"\" class=\"wp-image-4742\"\/><\/figure>\n\n\n\n<figure class=\"wp-block-image size-large\"><img decoding=\"async\" src=\"https:\/\/www.prumkadc.cz\/wp-content\/uploads\/2024\/04\/IMG_20240411_115806-768x1024.jpg\" alt=\"\" class=\"wp-image-4743\"\/><\/figure>\n","protected":false},"excerpt":{"rendered":"<p>\u017d\u00e1ci na\u0161\u00ed \u0161koly se i letos z\u00fa\u010dastnili sout\u011b\u017ee Hala roku JUNIOR, kterou po\u0159\u00e1d\u00e1 Fakulta stavebn\u00ed \u010cVUT v&nbsp;Praze pod z\u00e1\u0161titou d\u011bkana fakulty a \u010cKAIT. Sout\u011b\u017e v&nbsp;zat\u011b\u017eov\u00e1n\u00ed \u201edoma vyhotoven\u00fdch\u201c model\u016f se konala 11.&nbsp;4.&nbsp;2024. Hodnotic\u00edm krit\u00e9riem sout\u011b\u017ee je efektivita modelu, tj. pom\u011br mezi \u00fanosnost\u00ed a&nbsp;hmotnost\u00ed modelu. Sout\u011b\u017e\u00edc\u00ed p\u0159i zat\u011b\u017eovac\u00ed zkou\u0161ce pokl\u00e1daj\u00ed na model podle p\u0159esn\u00e9ho vymezen\u00ed z\u00e1va\u017e\u00ed tak [&hellip;]<\/p>\n","protected":false},"author":5,"featured_media":0,"comment_status":"closed","ping_status":"open","sticky":false,"template":"","format":"standard","meta":{"_acf_changed":false,"footnotes":""},"categories":[1],"tags":[],"class_list":["post-4734","post","type-post","status-publish","format-standard","hentry","category-uncategorized"],"acf":[],"_links":{"self":[{"href":"https:\/\/www.prumkadc.cz\/index.php\/wp-json\/wp\/v2\/posts\/4734","targetHints":{"allow":["GET"]}}],"collection":[{"href":"https:\/\/www.prumkadc.cz\/index.php\/wp-json\/wp\/v2\/posts"}],"about":[{"href":"https:\/\/www.prumkadc.cz\/index.php\/wp-json\/wp\/v2\/types\/post"}],"author":[{"embeddable":true,"href":"https:\/\/www.prumkadc.cz\/index.php\/wp-json\/wp\/v2\/users\/5"}],"replies":[{"embeddable":true,"href":"https:\/\/www.prumkadc.cz\/index.php\/wp-json\/wp\/v2\/comments?post=4734"}],"version-history":[{"count":0,"href":"https:\/\/www.prumkadc.cz\/index.php\/wp-json\/wp\/v2\/posts\/4734\/revisions"}],"wp:attachment":[{"href":"https:\/\/www.prumkadc.cz\/index.php\/wp-json\/wp\/v2\/media?parent=4734"}],"wp:term":[{"taxonomy":"category","embeddable":true,"href":"https:\/\/www.prumkadc.cz\/index.php\/wp-json\/wp\/v2\/categories?post=4734"},{"taxonomy":"post_tag","embeddable":true,"href":"https:\/\/www.prumkadc.cz\/index.php\/wp-json\/wp\/v2\/tags?post=4734"}],"curies":[{"name":"wp","href":"https:\/\/api.w.org\/{rel}","templated":true}]}}