{"id":4746,"date":"2024-04-23T14:40:59","date_gmt":"2024-04-23T14:40:59","guid":{"rendered":"https:\/\/www.prumkadc.cz\/?p=4746"},"modified":"2024-04-23T14:41:02","modified_gmt":"2024-04-23T14:41:02","slug":"recitacni-soutez-2","status":"publish","type":"post","link":"https:\/\/www.prumkadc.cz\/index.php\/2024\/04\/23\/recitacni-soutez-2\/","title":{"rendered":"Recita\u010dn\u00ed sout\u011b\u017e"},"content":{"rendered":"\n<p>Ve st\u0159edu 17.&nbsp;4.&nbsp;se uskute\u010dnila pod z\u00e1\u0161titou kabinetu \u010dj recita\u010dn\u00ed sout\u011b\u017e. Na\u0161e odv\u00e1\u017elivkyn\u011b a odv\u00e1\u017elivci nap\u0159\u00ed\u010d t\u0159\u00eddami cel\u00e9 \u0161koly recitovali b\u00e1sn\u011b zn\u00e1m\u00fdch klasik\u016f (K.H. M\u00e1cha, K.J. Erben), ale tak\u00e9 sou\u010dasnou \u010deskou poezii. N\u011bkte\u0159\u00ed sezn\u00e1mili poslucha\u010de s&nbsp;vlastn\u00ed tvorbou, jedna \u017e\u00e1kyn\u011b p\u0159edvedla stand-up comedy.<\/p>\n\n\n\n<p>Vystoupen\u00ed recit\u00e1tor\u016f podkreslil hudebn\u00ed doprovod V\u00e1clava Pavl\u00edka na kytaru a Moniky Bene\u0161ov\u00e9 na ukulele. V&nbsp;\u00favodu sout\u011b\u017ee zazn\u011bla \u00faprava b\u00e1sn\u011b Ostrava v&nbsp;pod\u00e1n\u00ed Richarda Wiesnera.<\/p>\n\n\n\n<p>Porotu nejv\u00edce zaujala vystoupen\u00ed Ad\u00e9ly Majorov\u00e9 ze t\u0159\u00eddy 3A , Tom\u00e1\u0161e Kuziemka z&nbsp;1A a trojice recit\u00e1tor\u016f (zp\u011bv\u00e1k\u016f) z&nbsp;E1A&nbsp; Alberta Andrleho, Luk\u00e1\u0161e Mat\u011bjovsk\u00e9ho a Jana Kotvy.<\/p>\n\n\n\n<p>V\u0161em \u00fa\u010dastn\u00edk\u016fm d\u011bkujeme, v\u00fdherc\u016fm blahop\u0159ejeme a t\u011b\u0161\u00edme se na dal\u0161\u00ed ro\u010dn\u00edk sout\u011b\u017ee!<\/p>\n\n\n\n<p>Mgr. Monika Bene\u0161ov\u00e1<\/p>\n","protected":false},"excerpt":{"rendered":"<p>Ve st\u0159edu 17.&nbsp;4.&nbsp;se uskute\u010dnila pod z\u00e1\u0161titou kabinetu \u010dj recita\u010dn\u00ed sout\u011b\u017e. Na\u0161e odv\u00e1\u017elivkyn\u011b a odv\u00e1\u017elivci nap\u0159\u00ed\u010d t\u0159\u00eddami cel\u00e9 \u0161koly recitovali b\u00e1sn\u011b zn\u00e1m\u00fdch klasik\u016f (K.H. M\u00e1cha, K.J. Erben), ale tak\u00e9 sou\u010dasnou \u010deskou poezii. N\u011bkte\u0159\u00ed sezn\u00e1mili poslucha\u010de s&nbsp;vlastn\u00ed tvorbou, jedna \u017e\u00e1kyn\u011b p\u0159edvedla stand-up comedy. Vystoupen\u00ed recit\u00e1tor\u016f podkreslil hudebn\u00ed doprovod V\u00e1clava Pavl\u00edka na kytaru a Moniky Bene\u0161ov\u00e9 na ukulele. [&hellip;]<\/p>\n","protected":false},"author":5,"featured_media":0,"comment_status":"closed","ping_status":"open","sticky":false,"template":"","format":"standard","meta":{"_acf_changed":false,"footnotes":""},"categories":[1],"tags":[],"class_list":["post-4746","post","type-post","status-publish","format-standard","hentry","category-uncategorized"],"acf":[],"_links":{"self":[{"href":"https:\/\/www.prumkadc.cz\/index.php\/wp-json\/wp\/v2\/posts\/4746","targetHints":{"allow":["GET"]}}],"collection":[{"href":"https:\/\/www.prumkadc.cz\/index.php\/wp-json\/wp\/v2\/posts"}],"about":[{"href":"https:\/\/www.prumkadc.cz\/index.php\/wp-json\/wp\/v2\/types\/post"}],"author":[{"embeddable":true,"href":"https:\/\/www.prumkadc.cz\/index.php\/wp-json\/wp\/v2\/users\/5"}],"replies":[{"embeddable":true,"href":"https:\/\/www.prumkadc.cz\/index.php\/wp-json\/wp\/v2\/comments?post=4746"}],"version-history":[{"count":0,"href":"https:\/\/www.prumkadc.cz\/index.php\/wp-json\/wp\/v2\/posts\/4746\/revisions"}],"wp:attachment":[{"href":"https:\/\/www.prumkadc.cz\/index.php\/wp-json\/wp\/v2\/media?parent=4746"}],"wp:term":[{"taxonomy":"category","embeddable":true,"href":"https:\/\/www.prumkadc.cz\/index.php\/wp-json\/wp\/v2\/categories?post=4746"},{"taxonomy":"post_tag","embeddable":true,"href":"https:\/\/www.prumkadc.cz\/index.php\/wp-json\/wp\/v2\/tags?post=4746"}],"curies":[{"name":"wp","href":"https:\/\/api.w.org\/{rel}","templated":true}]}}