{"id":4908,"date":"2024-05-06T07:25:56","date_gmt":"2024-05-06T07:25:56","guid":{"rendered":"https:\/\/www.prumkadc.cz\/?p=4908"},"modified":"2024-05-06T10:10:17","modified_gmt":"2024-05-06T10:10:17","slug":"praha-karla-iv","status":"publish","type":"post","link":"https:\/\/www.prumkadc.cz\/index.php\/2024\/05\/06\/praha-karla-iv\/","title":{"rendered":"Praha Karla IV."},"content":{"rendered":"\n<p>Ve \u010dtvrtek 2.5.2024 nav\u0161t\u00edvili \u017e\u00e1ci E1B a S1 na\u0161e hlavn\u00ed m\u011bsto, aby se sezn\u00e1mili s&nbsp;n\u011bkter\u00fdmi pam\u00e1tkami a nav\u0161t\u00edvili multimedi\u00e1ln\u00ed v\u00fdstavu Praha Karla IV.<br>Na programu byla proch\u00e1zka Prahou, p\u0159i n\u00ed\u017e vybran\u00ed \u017e\u00e1ci informovali ostatn\u00ed o dan\u00fdch pam\u00e1tk\u00e1ch. P\u0159ipomn\u011bli si tak jednotliv\u00e9 um\u011bleck\u00e9 slohy a historick\u00e9 ud\u00e1losti, kter\u00e9 zas\u00e1hly do v\u00fdvoje \u010desk\u00fdch zem\u00ed a odrazily se i v&nbsp;literatu\u0159e.<br>P\u0159i n\u00e1v\u0161t\u011bv\u011b muzea v&nbsp;dom\u011b U Zlat\u00e9ho prstenu se \u017e\u00e1ci sezn\u00e1mili se z\u00e1m\u011bry Karla IV. a s&nbsp;realizac\u00ed jeho pl\u00e1n\u016f p\u0159i v\u00fdstavb\u011b Prahy. Nejzaj\u00edmav\u011bj\u0161\u00ed \u010d\u00e1st\u00ed expozice byl videomapping zobrazuj\u00edc\u00ed postupn\u00e9 rozr\u016fst\u00e1n\u00ed Prahy v&nbsp;Karlov\u011b dob\u011b. B\u011bhem prohl\u00eddky z\u00edsk\u00e1vali \u017e\u00e1ci indicie, podle nich\u017e pak poznali jeden z&nbsp;expon\u00e1t\u016f. K&nbsp;n\u011bmu se vztahovala skupinov\u00e1 pr\u00e1ce v&nbsp;z\u00e1v\u011bru prohl\u00eddky. Nakonec m\u011bli \u017e\u00e1ci mo\u017enost d\u00edky o\u017eivl\u00e9 m\u011bdirytin\u011b z&nbsp;po\u010d\u00e1tku 17.&nbsp;stolet\u00ed porovnat Prahu Karla IV. s&nbsp;Prahou za vl\u00e1dy Rudolfa II., kdy se m\u011bsto stalo podruh\u00e9 v&nbsp;historii c\u00edsa\u0159skou rezidenc\u00ed.<br>S. Wisurov\u00e1. I. Hejdukov\u00e1<\/p>\n\n\n\n<figure class=\"wp-block-image size-full\"><img decoding=\"async\" src=\"https:\/\/www.prumkadc.cz\/wp-content\/uploads\/2024\/05\/IMG_20240502_093936.jpg\" alt=\"\" class=\"wp-image-4910\"\/><\/figure>\n\n\n\n<figure class=\"wp-block-image size-full\"><img decoding=\"async\" src=\"https:\/\/www.prumkadc.cz\/wp-content\/uploads\/2024\/05\/IMG_20240502_095329.jpg\" alt=\"\" class=\"wp-image-4911\"\/><\/figure>\n\n\n\n<figure class=\"wp-block-image size-full\"><img decoding=\"async\" src=\"https:\/\/www.prumkadc.cz\/wp-content\/uploads\/2024\/05\/IMG_20240502_095725.jpg\" alt=\"\" class=\"wp-image-4912\"\/><\/figure>\n\n\n\n<figure class=\"wp-block-image size-full\"><img decoding=\"async\" src=\"https:\/\/www.prumkadc.cz\/wp-content\/uploads\/2024\/05\/IMG_20240502_102850.jpg\" alt=\"\" class=\"wp-image-4913\"\/><\/figure>\n\n\n\n<figure class=\"wp-block-image size-full\"><img decoding=\"async\" src=\"https:\/\/www.prumkadc.cz\/wp-content\/uploads\/2024\/05\/IMG_20240502_103055.jpg\" alt=\"\" class=\"wp-image-4914\"\/><\/figure>\n\n\n\n<figure class=\"wp-block-image size-full\"><img decoding=\"async\" src=\"https:\/\/www.prumkadc.cz\/wp-content\/uploads\/2024\/05\/IMG_20240502_112524.jpg\" alt=\"\" class=\"wp-image-4915\"\/><\/figure>\n\n\n\n<figure class=\"wp-block-image size-full\"><img decoding=\"async\" src=\"https:\/\/www.prumkadc.cz\/wp-content\/uploads\/2024\/05\/IMG_20240502_115534.jpg\" alt=\"\" class=\"wp-image-4916\"\/><\/figure>\n\n\n\n<figure class=\"wp-block-image size-full\"><img decoding=\"async\" src=\"https:\/\/www.prumkadc.cz\/wp-content\/uploads\/2024\/05\/IMG_20240502_120247.jpg\" alt=\"\" class=\"wp-image-4917\"\/><\/figure>\n\n\n\n<figure class=\"wp-block-image size-full\"><img decoding=\"async\" src=\"https:\/\/www.prumkadc.cz\/wp-content\/uploads\/2024\/05\/IMG_20240502_120430.jpg\" alt=\"\" class=\"wp-image-4918\"\/><\/figure>\n\n\n\n<figure class=\"wp-block-image size-full\"><img decoding=\"async\" src=\"https:\/\/www.prumkadc.cz\/wp-content\/uploads\/2024\/05\/IMG-20240502-WA0022.jpg\" alt=\"\" class=\"wp-image-4919\"\/><\/figure>\n\n\n\n<figure class=\"wp-block-image size-full\"><img decoding=\"async\" src=\"https:\/\/www.prumkadc.cz\/wp-content\/uploads\/2024\/05\/IMG-20240502-WA0023.jpg\" alt=\"\" class=\"wp-image-4920\"\/><\/figure>\n","protected":false},"excerpt":{"rendered":"<p>Ve \u010dtvrtek 2.5.2024 nav\u0161t\u00edvili \u017e\u00e1ci E1B a S1 na\u0161e hlavn\u00ed m\u011bsto, aby se sezn\u00e1mili s&nbsp;n\u011bkter\u00fdmi pam\u00e1tkami a nav\u0161t\u00edvili multimedi\u00e1ln\u00ed v\u00fdstavu Praha Karla IV.Na programu byla proch\u00e1zka Prahou, p\u0159i n\u00ed\u017e vybran\u00ed \u017e\u00e1ci informovali ostatn\u00ed o dan\u00fdch pam\u00e1tk\u00e1ch. P\u0159ipomn\u011bli si tak jednotliv\u00e9 um\u011bleck\u00e9 slohy a historick\u00e9 ud\u00e1losti, kter\u00e9 zas\u00e1hly do v\u00fdvoje \u010desk\u00fdch zem\u00ed a odrazily se i [&hellip;]<\/p>\n","protected":false},"author":5,"featured_media":0,"comment_status":"closed","ping_status":"open","sticky":false,"template":"","format":"standard","meta":{"_acf_changed":false,"footnotes":""},"categories":[1],"tags":[],"class_list":["post-4908","post","type-post","status-publish","format-standard","hentry","category-uncategorized"],"acf":[],"_links":{"self":[{"href":"https:\/\/www.prumkadc.cz\/index.php\/wp-json\/wp\/v2\/posts\/4908","targetHints":{"allow":["GET"]}}],"collection":[{"href":"https:\/\/www.prumkadc.cz\/index.php\/wp-json\/wp\/v2\/posts"}],"about":[{"href":"https:\/\/www.prumkadc.cz\/index.php\/wp-json\/wp\/v2\/types\/post"}],"author":[{"embeddable":true,"href":"https:\/\/www.prumkadc.cz\/index.php\/wp-json\/wp\/v2\/users\/5"}],"replies":[{"embeddable":true,"href":"https:\/\/www.prumkadc.cz\/index.php\/wp-json\/wp\/v2\/comments?post=4908"}],"version-history":[{"count":0,"href":"https:\/\/www.prumkadc.cz\/index.php\/wp-json\/wp\/v2\/posts\/4908\/revisions"}],"wp:attachment":[{"href":"https:\/\/www.prumkadc.cz\/index.php\/wp-json\/wp\/v2\/media?parent=4908"}],"wp:term":[{"taxonomy":"category","embeddable":true,"href":"https:\/\/www.prumkadc.cz\/index.php\/wp-json\/wp\/v2\/categories?post=4908"},{"taxonomy":"post_tag","embeddable":true,"href":"https:\/\/www.prumkadc.cz\/index.php\/wp-json\/wp\/v2\/tags?post=4908"}],"curies":[{"name":"wp","href":"https:\/\/api.w.org\/{rel}","templated":true}]}}