{"id":4946,"date":"2024-05-10T15:16:36","date_gmt":"2024-05-10T15:16:36","guid":{"rendered":"https:\/\/www.prumkadc.cz\/?p=4946"},"modified":"2024-05-10T15:16:39","modified_gmt":"2024-05-10T15:16:39","slug":"prednaska-sikme-strechy-a-izolace-puren-pir","status":"publish","type":"post","link":"https:\/\/www.prumkadc.cz\/index.php\/2024\/05\/10\/prednaska-sikme-strechy-a-izolace-puren-pir\/","title":{"rendered":"P\u0159edn\u00e1\u0161ka &#8211; \u0160ikm\u00e9 st\u0159echy a izolace puren\u00ae PIR"},"content":{"rendered":"\n<p>Dne 7.&nbsp;kv\u011btna 2024, se \u017e\u00e1ci druh\u00e9ho ro\u010dn\u00edku oboru Stavebnictv\u00ed z\u00fa\u010dastnili p\u0159edn\u00e1\u0161ky, kterou vedl Ing. Martin Link \u2013 technik firmy puren\u00ae s.r.o.<\/p>\n\n\n\n<p>\u017d\u00e1ci se sezn\u00e1mili s&nbsp;problematikou izolace \u0161ikm\u00fdch st\u0159ech jak v&nbsp;obecn\u00e9 rovin\u011b, tak konkr\u00e9tn\u011b s&nbsp;pou\u017eit\u00edm tepeln\u00e9 izolace puren\u00ae PIR.<\/p>\n\n\n\n<p>P\u0159edn\u00e1\u0161ej\u00edc\u00ed odprezentoval \u017e\u00e1k\u016fm v\u00fdrobn\u00ed sortiment firmy na vzorc\u00edch izola\u010dn\u00edch desek a&nbsp;syst\u00e9mov\u00e9ho p\u0159\u00edslu\u0161enstv\u00ed. D\u00e1le poskytl v\u00fdklad k&nbsp;mont\u00e1\u017en\u00edm postup\u016fm pro&nbsp;konkr\u00e9tn\u00ed konstrukci zateplen\u00ed \u0161ikm\u00fdch st\u0159ech jak u novostaveb, tak i u rekonstruovan\u00fdch objekt\u016f, a&nbsp;pouk\u00e1zal na spr\u00e1vn\u00e9 \u0159e\u0161en\u00ed konstruk\u010dn\u00edch detail\u016f.<\/p>\n\n\n\n<p>D\u011bkujeme za kvalitn\u00ed a inspirativn\u00ed p\u0159edn\u00e1\u0161ku.<\/p>\n\n\n\n<p>Ing. Al\u017ebeta Bublov\u00e1<\/p>\n\n\n\n<p><\/p>\n\n\n\n<figure class=\"wp-block-image size-large\"><img decoding=\"async\" src=\"https:\/\/www.prumkadc.cz\/wp-content\/uploads\/2024\/05\/IMG_20240507_100038-1024x768.jpg\" alt=\"\" class=\"wp-image-4948\"\/><\/figure>\n\n\n\n<figure class=\"wp-block-image size-large\"><img decoding=\"async\" src=\"https:\/\/www.prumkadc.cz\/wp-content\/uploads\/2024\/05\/IMG_20240507_101752-768x1024.jpg\" alt=\"\" class=\"wp-image-4949\"\/><\/figure>\n","protected":false},"excerpt":{"rendered":"<p>Dne 7.&nbsp;kv\u011btna 2024, se \u017e\u00e1ci druh\u00e9ho ro\u010dn\u00edku oboru Stavebnictv\u00ed z\u00fa\u010dastnili p\u0159edn\u00e1\u0161ky, kterou vedl Ing. Martin Link \u2013 technik firmy puren\u00ae s.r.o. \u017d\u00e1ci se sezn\u00e1mili s&nbsp;problematikou izolace \u0161ikm\u00fdch st\u0159ech jak v&nbsp;obecn\u00e9 rovin\u011b, tak konkr\u00e9tn\u011b s&nbsp;pou\u017eit\u00edm tepeln\u00e9 izolace puren\u00ae PIR. P\u0159edn\u00e1\u0161ej\u00edc\u00ed odprezentoval \u017e\u00e1k\u016fm v\u00fdrobn\u00ed sortiment firmy na vzorc\u00edch izola\u010dn\u00edch desek a&nbsp;syst\u00e9mov\u00e9ho p\u0159\u00edslu\u0161enstv\u00ed. D\u00e1le poskytl v\u00fdklad k&nbsp;mont\u00e1\u017en\u00edm postup\u016fm [&hellip;]<\/p>\n","protected":false},"author":5,"featured_media":0,"comment_status":"closed","ping_status":"open","sticky":false,"template":"","format":"standard","meta":{"_acf_changed":false,"footnotes":""},"categories":[1],"tags":[],"class_list":["post-4946","post","type-post","status-publish","format-standard","hentry","category-uncategorized"],"acf":[],"_links":{"self":[{"href":"https:\/\/www.prumkadc.cz\/index.php\/wp-json\/wp\/v2\/posts\/4946","targetHints":{"allow":["GET"]}}],"collection":[{"href":"https:\/\/www.prumkadc.cz\/index.php\/wp-json\/wp\/v2\/posts"}],"about":[{"href":"https:\/\/www.prumkadc.cz\/index.php\/wp-json\/wp\/v2\/types\/post"}],"author":[{"embeddable":true,"href":"https:\/\/www.prumkadc.cz\/index.php\/wp-json\/wp\/v2\/users\/5"}],"replies":[{"embeddable":true,"href":"https:\/\/www.prumkadc.cz\/index.php\/wp-json\/wp\/v2\/comments?post=4946"}],"version-history":[{"count":0,"href":"https:\/\/www.prumkadc.cz\/index.php\/wp-json\/wp\/v2\/posts\/4946\/revisions"}],"wp:attachment":[{"href":"https:\/\/www.prumkadc.cz\/index.php\/wp-json\/wp\/v2\/media?parent=4946"}],"wp:term":[{"taxonomy":"category","embeddable":true,"href":"https:\/\/www.prumkadc.cz\/index.php\/wp-json\/wp\/v2\/categories?post=4946"},{"taxonomy":"post_tag","embeddable":true,"href":"https:\/\/www.prumkadc.cz\/index.php\/wp-json\/wp\/v2\/tags?post=4946"}],"curies":[{"name":"wp","href":"https:\/\/api.w.org\/{rel}","templated":true}]}}