{"id":5017,"date":"2024-05-28T10:45:52","date_gmt":"2024-05-28T10:45:52","guid":{"rendered":"https:\/\/www.prumkadc.cz\/?p=5017"},"modified":"2024-05-28T10:45:55","modified_gmt":"2024-05-28T10:45:55","slug":"specialni-teorie-relativity-prednaska-na-cvut-v-decine","status":"publish","type":"post","link":"https:\/\/www.prumkadc.cz\/index.php\/2024\/05\/28\/specialni-teorie-relativity-prednaska-na-cvut-v-decine\/","title":{"rendered":"Speci\u00e1ln\u00ed teorie relativity \u2013 p\u0159edn\u00e1\u0161ka na \u010cVUT v&nbsp;D\u011b\u010d\u00edn\u011b"},"content":{"rendered":"\n<p>\u010cVUT v&nbsp;D\u011b\u010d\u00edn\u011b pro na\u0161e \u017e\u00e1ky 2.&nbsp;ro\u010dn\u00edku zaji\u0161\u0165uje ji\u017e tradi\u010dn\u011b p\u0159edn\u00e1\u0161ku na t\u00e9ma Speci\u00e1ln\u00ed teorie relativity. V&nbsp;leto\u0161n\u00edm roce n\u00e1m p\u0159edn\u00e1\u0161el prof. Dr. Boris Tom\u00e1\u0161ik. \u017d\u00e1k\u016fm byly vysv\u011btleny z\u00e1kladn\u00ed postul\u00e1ty speci\u00e1ln\u00ed teorie relativity, sezn\u00e1mili se tak\u00e9 s&nbsp;jejich z\u00e1kladn\u00edmi d\u016fsledky po teoretick\u00e9 a matematick\u00e9 str\u00e1nce. Vid\u011bli t\u00e9\u017e, v&nbsp;kter\u00fdch re\u00e1ln\u00fdch jevech se tyto d\u016fsledky projevuj\u00ed. Velk\u00fdm p\u0159\u00ednosem pro v\u0161echny bylo zamy\u0161len\u00ed se nad z\u00e1kladn\u00edmi jednotkami (sekunda a metr) a technikou jejich m\u011b\u0159en\u00ed.<br>D\u011bkujeme \u010cVUT v&nbsp;D\u011b\u010d\u00edn\u011b za mo\u017enost z\u00fa\u010dastnit se t\u00e9to zaj\u00edmav\u00e9 p\u0159edn\u00e1\u0161ky a panu profesoru dr. Tom\u00e1\u0161ikovi za jeho v\u00fdkon a p\u0159\u00edstup k&nbsp;na\u0161im \u017e\u00e1k\u016fm.<br>\u017d\u00e1k Mat\u011bj Po\u0161va napsal: \u201eP\u0159edn\u00e1\u0161ka byla velmi zaj\u00edmav\u00e1, i p\u0159es to, jak slo\u017eit\u00e9 t\u00e9ma p\u0159edn\u00e1\u0161ej\u00edc\u00ed vysv\u011btloval, tak to bylo srozumiteln\u00e9. \u0160lo poznat, jak moc toto t\u00e9ma bylo obs\u00e1hl\u00e9, proto\u017ee jsme probrali jen zlomek.\u201c<\/p>\n\n\n\n<p>RNDr. Jindra Vl\u010dkov\u00e1<\/p>\n\n\n\n<figure class=\"wp-block-image size-large\"><img decoding=\"async\" src=\"https:\/\/www.prumkadc.cz\/wp-content\/uploads\/2024\/05\/IMG_20240524_131813-1024x768.jpg\" alt=\"\" class=\"wp-image-5019\"\/><\/figure>\n","protected":false},"excerpt":{"rendered":"<p>\u010cVUT v&nbsp;D\u011b\u010d\u00edn\u011b pro na\u0161e \u017e\u00e1ky 2.&nbsp;ro\u010dn\u00edku zaji\u0161\u0165uje ji\u017e tradi\u010dn\u011b p\u0159edn\u00e1\u0161ku na t\u00e9ma Speci\u00e1ln\u00ed teorie relativity. V&nbsp;leto\u0161n\u00edm roce n\u00e1m p\u0159edn\u00e1\u0161el prof. Dr. Boris Tom\u00e1\u0161ik. \u017d\u00e1k\u016fm byly vysv\u011btleny z\u00e1kladn\u00ed postul\u00e1ty speci\u00e1ln\u00ed teorie relativity, sezn\u00e1mili se tak\u00e9 s&nbsp;jejich z\u00e1kladn\u00edmi d\u016fsledky po teoretick\u00e9 a matematick\u00e9 str\u00e1nce. Vid\u011bli t\u00e9\u017e, v&nbsp;kter\u00fdch re\u00e1ln\u00fdch jevech se tyto d\u016fsledky projevuj\u00ed. Velk\u00fdm p\u0159\u00ednosem pro v\u0161echny [&hellip;]<\/p>\n","protected":false},"author":5,"featured_media":0,"comment_status":"closed","ping_status":"open","sticky":false,"template":"","format":"standard","meta":{"_acf_changed":false,"footnotes":""},"categories":[1],"tags":[],"class_list":["post-5017","post","type-post","status-publish","format-standard","hentry","category-uncategorized"],"acf":[],"_links":{"self":[{"href":"https:\/\/www.prumkadc.cz\/index.php\/wp-json\/wp\/v2\/posts\/5017","targetHints":{"allow":["GET"]}}],"collection":[{"href":"https:\/\/www.prumkadc.cz\/index.php\/wp-json\/wp\/v2\/posts"}],"about":[{"href":"https:\/\/www.prumkadc.cz\/index.php\/wp-json\/wp\/v2\/types\/post"}],"author":[{"embeddable":true,"href":"https:\/\/www.prumkadc.cz\/index.php\/wp-json\/wp\/v2\/users\/5"}],"replies":[{"embeddable":true,"href":"https:\/\/www.prumkadc.cz\/index.php\/wp-json\/wp\/v2\/comments?post=5017"}],"version-history":[{"count":0,"href":"https:\/\/www.prumkadc.cz\/index.php\/wp-json\/wp\/v2\/posts\/5017\/revisions"}],"wp:attachment":[{"href":"https:\/\/www.prumkadc.cz\/index.php\/wp-json\/wp\/v2\/media?parent=5017"}],"wp:term":[{"taxonomy":"category","embeddable":true,"href":"https:\/\/www.prumkadc.cz\/index.php\/wp-json\/wp\/v2\/categories?post=5017"},{"taxonomy":"post_tag","embeddable":true,"href":"https:\/\/www.prumkadc.cz\/index.php\/wp-json\/wp\/v2\/tags?post=5017"}],"curies":[{"name":"wp","href":"https:\/\/api.w.org\/{rel}","templated":true}]}}