{"id":5052,"date":"2024-06-04T14:21:15","date_gmt":"2024-06-04T14:21:15","guid":{"rendered":"https:\/\/www.prumkadc.cz\/?p=5052"},"modified":"2024-06-04T14:21:18","modified_gmt":"2024-06-04T14:21:18","slug":"literarne-dejepisny-projektovy-den-tridy-1b","status":"publish","type":"post","link":"https:\/\/www.prumkadc.cz\/index.php\/2024\/06\/04\/literarne-dejepisny-projektovy-den-tridy-1b\/","title":{"rendered":"Liter\u00e1rn\u011b-d\u011bjepisn\u00fd projektov\u00fd den t\u0159\u00eddy 1B"},"content":{"rendered":"\n<p>Z\u00e1mek D\u011b\u010d\u00edn a jeho prost\u0159ed\u00ed si v&nbsp;r\u00e1mci liter\u00e1rn\u011b-d\u011bjepisn\u00e9ho projektu v&nbsp;p\u00e1tek 31.5.\u00a0 mohli podrobn\u011b prohl\u00e9dnout studenti t\u0159\u00eddy 1B. Nahl\u00e9dli do jeho historie, po\u010d\u00edtali, fotili, \u010detli. V&nbsp;liter\u00e1rn\u00ed \u010d\u00e1sti se sezn\u00e1mili s&nbsp;osobnost\u00ed d\u011b\u010d\u00ednsk\u00e9ho b\u00e1sn\u00edka Radka Fridricha. Vyzkou\u0161eli si tak\u00e9 tvorbu kni\u017en\u00ed ob\u00e1lky, vym\u00fd\u0161len\u00ed a p\u0159eklad vlastn\u00edch b\u00e1sn\u00ed nebo dramatizaci d\u011b\u010d\u00ednsk\u00e9 pov\u011bsti, ze kter\u00e9 zpracovali video. <\/p>\n\n\n\n<p>Mgr. Monika Bene\u0161ov\u00e1, Mgr. Libu\u0161e K\u0159es\u0165anov\u00e1\u00a0<\/p>\n\n\n\n<figure class=\"wp-block-image size-large\"><img decoding=\"async\" src=\"https:\/\/www.prumkadc.cz\/wp-content\/uploads\/2024\/06\/IMG-20240601-WA0033-1024x768.jpg\" alt=\"\" class=\"wp-image-5053\"\/><\/figure>\n\n\n\n<figure class=\"wp-block-image size-large\"><img decoding=\"async\" src=\"https:\/\/www.prumkadc.cz\/wp-content\/uploads\/2024\/06\/IMG-20240601-WA0032-768x1024.jpg\" alt=\"\" class=\"wp-image-5054\"\/><\/figure>\n\n\n\n<figure class=\"wp-block-image size-large\"><img decoding=\"async\" src=\"https:\/\/www.prumkadc.cz\/wp-content\/uploads\/2024\/06\/IMG-20240601-WA0026-1024x768.jpg\" alt=\"\" class=\"wp-image-5055\"\/><\/figure>\n\n\n\n<figure class=\"wp-block-image size-large\"><img decoding=\"async\" src=\"https:\/\/www.prumkadc.cz\/wp-content\/uploads\/2024\/06\/IMG-20240601-WA0022-1024x768.jpg\" alt=\"\" class=\"wp-image-5056\"\/><\/figure>\n\n\n\n<figure class=\"wp-block-image size-large\"><img decoding=\"async\" src=\"https:\/\/www.prumkadc.cz\/wp-content\/uploads\/2024\/06\/IMG-20240601-WA0012-1024x768.jpg\" alt=\"\" class=\"wp-image-5057\"\/><\/figure>\n\n\n\n<figure class=\"wp-block-image size-large\"><img decoding=\"async\" src=\"https:\/\/www.prumkadc.cz\/wp-content\/uploads\/2024\/06\/IMG-20240601-WA0011-1024x768.jpg\" alt=\"\" class=\"wp-image-5058\"\/><\/figure>\n\n\n\n<figure class=\"wp-block-image size-large\"><img decoding=\"async\" src=\"https:\/\/www.prumkadc.cz\/wp-content\/uploads\/2024\/06\/IMG-20240601-WA0009-1024x768.jpg\" alt=\"\" class=\"wp-image-5059\"\/><\/figure>\n","protected":false},"excerpt":{"rendered":"<p>Z\u00e1mek D\u011b\u010d\u00edn a jeho prost\u0159ed\u00ed si v&nbsp;r\u00e1mci liter\u00e1rn\u011b-d\u011bjepisn\u00e9ho projektu v&nbsp;p\u00e1tek 31.5.\u00a0 mohli podrobn\u011b prohl\u00e9dnout studenti t\u0159\u00eddy 1B. Nahl\u00e9dli do jeho historie, po\u010d\u00edtali, fotili, \u010detli. V&nbsp;liter\u00e1rn\u00ed \u010d\u00e1sti se sezn\u00e1mili s&nbsp;osobnost\u00ed d\u011b\u010d\u00ednsk\u00e9ho b\u00e1sn\u00edka Radka Fridricha. Vyzkou\u0161eli si tak\u00e9 tvorbu kni\u017en\u00ed ob\u00e1lky, vym\u00fd\u0161len\u00ed a p\u0159eklad vlastn\u00edch b\u00e1sn\u00ed nebo dramatizaci d\u011b\u010d\u00ednsk\u00e9 pov\u011bsti, ze kter\u00e9 zpracovali video. Mgr. Monika Bene\u0161ov\u00e1, [&hellip;]<\/p>\n","protected":false},"author":5,"featured_media":0,"comment_status":"closed","ping_status":"open","sticky":false,"template":"","format":"standard","meta":{"_acf_changed":false,"footnotes":""},"categories":[1],"tags":[],"class_list":["post-5052","post","type-post","status-publish","format-standard","hentry","category-uncategorized"],"acf":[],"_links":{"self":[{"href":"https:\/\/www.prumkadc.cz\/index.php\/wp-json\/wp\/v2\/posts\/5052","targetHints":{"allow":["GET"]}}],"collection":[{"href":"https:\/\/www.prumkadc.cz\/index.php\/wp-json\/wp\/v2\/posts"}],"about":[{"href":"https:\/\/www.prumkadc.cz\/index.php\/wp-json\/wp\/v2\/types\/post"}],"author":[{"embeddable":true,"href":"https:\/\/www.prumkadc.cz\/index.php\/wp-json\/wp\/v2\/users\/5"}],"replies":[{"embeddable":true,"href":"https:\/\/www.prumkadc.cz\/index.php\/wp-json\/wp\/v2\/comments?post=5052"}],"version-history":[{"count":0,"href":"https:\/\/www.prumkadc.cz\/index.php\/wp-json\/wp\/v2\/posts\/5052\/revisions"}],"wp:attachment":[{"href":"https:\/\/www.prumkadc.cz\/index.php\/wp-json\/wp\/v2\/media?parent=5052"}],"wp:term":[{"taxonomy":"category","embeddable":true,"href":"https:\/\/www.prumkadc.cz\/index.php\/wp-json\/wp\/v2\/categories?post=5052"},{"taxonomy":"post_tag","embeddable":true,"href":"https:\/\/www.prumkadc.cz\/index.php\/wp-json\/wp\/v2\/tags?post=5052"}],"curies":[{"name":"wp","href":"https:\/\/api.w.org\/{rel}","templated":true}]}}