{"id":5158,"date":"2024-07-22T11:56:44","date_gmt":"2024-07-22T11:56:44","guid":{"rendered":"https:\/\/www.prumkadc.cz\/?p=5158"},"modified":"2024-07-22T11:56:45","modified_gmt":"2024-07-22T11:56:45","slug":"exkurze-harrachov-3b","status":"publish","type":"post","link":"https:\/\/www.prumkadc.cz\/index.php\/2024\/07\/22\/exkurze-harrachov-3b\/","title":{"rendered":"Exkurze Harrachov 3B"},"content":{"rendered":"\n<p>V&nbsp;pond\u011bl\u00ed 24.6.2024 jsme se ve ve\u010dern\u00edch hodin\u00e1ch setkali v&nbsp;m\u00edst\u011b ubytov\u00e1n\u00ed v&nbsp;Harrachov\u011b a n\u00e1sledn\u011b se v\u011bnovali ve\u010dern\u00edmu programu \u2013 hran\u00ed spole\u010densk\u00fdch her.<\/p>\n\n\n\n<p>V&nbsp;\u00fater\u00fd 25.6.2024 jsme se po sn\u00eddani vydali na trasu k&nbsp;prameni Labe. Vy\u0161li jsme Anensk\u00fdm \u00fadol\u00edm k&nbsp;Mumlavsk\u00e9mu vodop\u00e1du, d\u00e1le p\u0159es Krakono\u0161ovu sn\u00eddani na Voseckou boudu, kde jsme poob\u011bdvali a u\u017e\u00edvali si n\u00e1dhern\u00e9 v\u00fdhledy. Po kr\u00e1tk\u00e9 relaxaci jsme pokra\u010dovali k&nbsp;c\u00edli na\u0161\u00ed trasy &#8211; prameni Labe a &nbsp;odtud p\u0159es rozcest\u00ed U \u010dty\u0159 p\u00e1n\u016f zp\u011bt do Harrachova. Cesta je sou\u010d\u00e1st\u00ed Stezky \u010ceskem Via Czechia \u2013 severn\u00ed. U\u0161li jsme 23 km a t\u011b\u0161ili se na z\u00e1v\u011bre\u010dn\u00fd oh\u00fdnek s&nbsp;grilov\u00e1n\u00edm a op\u00e9k\u00e1n\u00edm pochoutek dopln\u011bn\u00fd hudebn\u00edm doprovodem.<\/p>\n\n\n\n<p>St\u0159ede\u010dn\u00ed den jsme v\u011bnovali zp\u00e1te\u010dn\u00ed cest\u011b do D\u011b\u010d\u00edna.<\/p>\n\n\n\n<p>Ing. Jana Fenclov\u00e1<\/p>\n\n\n\n<figure class=\"wp-block-image size-large\"><img decoding=\"async\" src=\"https:\/\/www.prumkadc.cz\/wp-content\/uploads\/2024\/07\/PLAKAT_page-0001-724x1024.jpg\" alt=\"\" class=\"wp-image-5159\"\/><\/figure>\n","protected":false},"excerpt":{"rendered":"<p>V&nbsp;pond\u011bl\u00ed 24.6.2024 jsme se ve ve\u010dern\u00edch hodin\u00e1ch setkali v&nbsp;m\u00edst\u011b ubytov\u00e1n\u00ed v&nbsp;Harrachov\u011b a n\u00e1sledn\u011b se v\u011bnovali ve\u010dern\u00edmu programu \u2013 hran\u00ed spole\u010densk\u00fdch her. V&nbsp;\u00fater\u00fd 25.6.2024 jsme se po sn\u00eddani vydali na trasu k&nbsp;prameni Labe. Vy\u0161li jsme Anensk\u00fdm \u00fadol\u00edm k&nbsp;Mumlavsk\u00e9mu vodop\u00e1du, d\u00e1le p\u0159es Krakono\u0161ovu sn\u00eddani na Voseckou boudu, kde jsme poob\u011bdvali a u\u017e\u00edvali si n\u00e1dhern\u00e9 v\u00fdhledy. Po kr\u00e1tk\u00e9 [&hellip;]<\/p>\n","protected":false},"author":5,"featured_media":0,"comment_status":"closed","ping_status":"open","sticky":false,"template":"","format":"standard","meta":{"_acf_changed":false,"footnotes":""},"categories":[1],"tags":[],"class_list":["post-5158","post","type-post","status-publish","format-standard","hentry","category-uncategorized"],"acf":[],"_links":{"self":[{"href":"https:\/\/www.prumkadc.cz\/index.php\/wp-json\/wp\/v2\/posts\/5158","targetHints":{"allow":["GET"]}}],"collection":[{"href":"https:\/\/www.prumkadc.cz\/index.php\/wp-json\/wp\/v2\/posts"}],"about":[{"href":"https:\/\/www.prumkadc.cz\/index.php\/wp-json\/wp\/v2\/types\/post"}],"author":[{"embeddable":true,"href":"https:\/\/www.prumkadc.cz\/index.php\/wp-json\/wp\/v2\/users\/5"}],"replies":[{"embeddable":true,"href":"https:\/\/www.prumkadc.cz\/index.php\/wp-json\/wp\/v2\/comments?post=5158"}],"version-history":[{"count":0,"href":"https:\/\/www.prumkadc.cz\/index.php\/wp-json\/wp\/v2\/posts\/5158\/revisions"}],"wp:attachment":[{"href":"https:\/\/www.prumkadc.cz\/index.php\/wp-json\/wp\/v2\/media?parent=5158"}],"wp:term":[{"taxonomy":"category","embeddable":true,"href":"https:\/\/www.prumkadc.cz\/index.php\/wp-json\/wp\/v2\/categories?post=5158"},{"taxonomy":"post_tag","embeddable":true,"href":"https:\/\/www.prumkadc.cz\/index.php\/wp-json\/wp\/v2\/tags?post=5158"}],"curies":[{"name":"wp","href":"https:\/\/api.w.org\/{rel}","templated":true}]}}