{"id":5424,"date":"2024-12-10T08:17:55","date_gmt":"2024-12-10T08:17:55","guid":{"rendered":"https:\/\/www.prumkadc.cz\/?p=5424"},"modified":"2024-12-10T08:18:07","modified_gmt":"2024-12-10T08:18:07","slug":"veletrh-gaudeamus-praha-2025","status":"publish","type":"post","link":"https:\/\/www.prumkadc.cz\/index.php\/2024\/12\/10\/veletrh-gaudeamus-praha-2025\/","title":{"rendered":"Veletrh Gaudeamus Praha 2025"},"content":{"rendered":"\n<h2 class=\"wp-block-heading\">V\u00e1\u017een\u00ed&nbsp;studenti,<\/h2>\n\n\n\n<p><strong>p\u0159\u00edpravy dal\u0161\u00edho ze s\u00e9rie veletrh\u016f Gaudeamus jsou v&nbsp;pln\u00e9m proudu. Veletrh Gaudeamus Praha 2025 pro V\u00e1s a Va\u0161e studenty p\u0159ipravujeme v&nbsp;term\u00ednu&nbsp;<\/strong><strong>21. &#8211; 23.&nbsp;ledna 2025<\/strong><strong>. Veletrh prob\u011bhne na v\u00fdstavi\u0161ti&nbsp;<\/strong><strong>PVA Expo Praha &#8211; Let\u0148any<\/strong><strong>&nbsp;v&nbsp;hal\u00e1ch 3 a 4.<\/strong><\/p>\n\n\n\n<p><strong>Registrace na veletrh pro studenty ji\u017e b\u011b\u017e\u00ed!<\/strong><\/p>\n\n\n\n<p><strong>REGISTROVAN\u00cd STUDENTI Z\u00cdSKAJ\u00cd:<\/strong><\/p>\n\n\n\n<ul class=\"wp-block-list\">\n<li><strong>P\u0159\u00edstup do testu studijn\u00edch typ\u016f ji\u017e p\u0159ed veletrhem.<\/strong><\/li>\n\n\n\n<li><strong>Pr\u016fvodce budouc\u00edho vysoko\u0161kol\u00e1ka a slovn\u00ed\u010dek vysoko\u0161kolsk\u00fdch pojm\u016f.<\/strong><\/li>\n\n\n\n<li><strong>Slevu na vstupn\u00e9<\/strong><\/li>\n<\/ul>\n\n\n\n<p><strong>Na veletrhu se p\u0159edstav univerzity, vysok\u00e9 \u0161koly<\/strong><strong>&nbsp;a dal\u0161\u00ed vzd\u011bl\u00e1vac\u00ed instituce z&nbsp;\u010ceska, Slovenska i dal\u0161\u00edch zem\u00ed EU a sv\u011bta. Seznam vystavovatel\u016f je k&nbsp;nahl\u00e1dnut\u00ed&nbsp;<\/strong><strong><a href=\"https:\/\/go.sparkpostmail2.com\/f\/a\/0-4sAZI6mu8XQ2bTdf5iPg~~\/AAA-fAA~\/RgRpNBJiP0QvaHR0cHM6Ly9nYXVkZWFtdXMuY3ovcHJhaGEvc2V6bmFtLXZ5c3Rhdm92YXRlbHVXA3NwY0IKZ0ZkjVFnEcUyMFIQaW5mb0BwcnVta2FkYy5jelgEAACcsA~~\" target=\"_blank\" rel=\"noreferrer noopener\">ZDE<\/a><\/strong><strong>.<\/strong><\/p>\n\n\n\n<p><strong>Ned\u00edlnou sou\u010d\u00e1st\u00ed veletrhu je bohat\u00fd program p\u0159edn\u00e1\u0161ek<\/strong><strong>&nbsp;pro studenty i pedagogy. Aktu\u00e1ln\u00ed program si m\u016f\u017eete prohl\u00e9dnout&nbsp;<\/strong><strong><a href=\"https:\/\/go.sparkpostmail2.com\/f\/a\/RFB8ZdnNj1AElhHU-0BJgw~~\/AAA-fAA~\/RgRpNBJiP0QsaHR0cHM6Ly9nYXVkZWFtdXMuY3ovcHJhaGEvcHJvZ3JhbS1wcmVkbmFzZWtXA3NwY0IKZ0ZkjVFnEcUyMFIQaW5mb0BwcnVta2FkYy5jelgEAACcsA~~\" target=\"_blank\" rel=\"noreferrer noopener\">ZDE<\/a><\/strong><strong>.<\/strong><\/p>\n\n\n\n<figure class=\"wp-block-image size-large\"><img fetchpriority=\"high\" decoding=\"async\" width=\"1024\" height=\"483\" src=\"https:\/\/www.prumkadc.cz\/wp-content\/uploads\/2024\/12\/image-1024x483.png\" alt=\"\" class=\"wp-image-5425\" srcset=\"https:\/\/www.prumkadc.cz\/wp-content\/uploads\/2024\/12\/image-1024x483.png 1024w, https:\/\/www.prumkadc.cz\/wp-content\/uploads\/2024\/12\/image-300x142.png 300w, https:\/\/www.prumkadc.cz\/wp-content\/uploads\/2024\/12\/image-768x363.png 768w, https:\/\/www.prumkadc.cz\/wp-content\/uploads\/2024\/12\/image.png 1199w\" sizes=\"(max-width: 1024px) 100vw, 1024px\" \/><\/figure>\n","protected":false},"excerpt":{"rendered":"<p>V\u00e1\u017een\u00ed&nbsp;studenti, p\u0159\u00edpravy dal\u0161\u00edho ze s\u00e9rie veletrh\u016f Gaudeamus jsou v&nbsp;pln\u00e9m proudu. Veletrh Gaudeamus Praha 2025 pro V\u00e1s a Va\u0161e studenty p\u0159ipravujeme v&nbsp;term\u00ednu&nbsp;21. &#8211; 23.&nbsp;ledna 2025. Veletrh prob\u011bhne na v\u00fdstavi\u0161ti&nbsp;PVA Expo Praha &#8211; Let\u0148any&nbsp;v&nbsp;hal\u00e1ch 3 a 4. Registrace na veletrh pro studenty ji\u017e b\u011b\u017e\u00ed! REGISTROVAN\u00cd STUDENTI Z\u00cdSKAJ\u00cd: Na veletrhu se p\u0159edstav univerzity, vysok\u00e9 \u0161koly&nbsp;a dal\u0161\u00ed vzd\u011bl\u00e1vac\u00ed instituce [&hellip;]<\/p>\n","protected":false},"author":2,"featured_media":5425,"comment_status":"closed","ping_status":"open","sticky":false,"template":"","format":"standard","meta":{"_acf_changed":false,"footnotes":""},"categories":[1],"tags":[],"class_list":["post-5424","post","type-post","status-publish","format-standard","has-post-thumbnail","hentry","category-uncategorized"],"acf":[],"_links":{"self":[{"href":"https:\/\/www.prumkadc.cz\/index.php\/wp-json\/wp\/v2\/posts\/5424","targetHints":{"allow":["GET"]}}],"collection":[{"href":"https:\/\/www.prumkadc.cz\/index.php\/wp-json\/wp\/v2\/posts"}],"about":[{"href":"https:\/\/www.prumkadc.cz\/index.php\/wp-json\/wp\/v2\/types\/post"}],"author":[{"embeddable":true,"href":"https:\/\/www.prumkadc.cz\/index.php\/wp-json\/wp\/v2\/users\/2"}],"replies":[{"embeddable":true,"href":"https:\/\/www.prumkadc.cz\/index.php\/wp-json\/wp\/v2\/comments?post=5424"}],"version-history":[{"count":1,"href":"https:\/\/www.prumkadc.cz\/index.php\/wp-json\/wp\/v2\/posts\/5424\/revisions"}],"predecessor-version":[{"id":5426,"href":"https:\/\/www.prumkadc.cz\/index.php\/wp-json\/wp\/v2\/posts\/5424\/revisions\/5426"}],"wp:featuredmedia":[{"embeddable":true,"href":"https:\/\/www.prumkadc.cz\/index.php\/wp-json\/wp\/v2\/media\/5425"}],"wp:attachment":[{"href":"https:\/\/www.prumkadc.cz\/index.php\/wp-json\/wp\/v2\/media?parent=5424"}],"wp:term":[{"taxonomy":"category","embeddable":true,"href":"https:\/\/www.prumkadc.cz\/index.php\/wp-json\/wp\/v2\/categories?post=5424"},{"taxonomy":"post_tag","embeddable":true,"href":"https:\/\/www.prumkadc.cz\/index.php\/wp-json\/wp\/v2\/tags?post=5424"}],"curies":[{"name":"wp","href":"https:\/\/api.w.org\/{rel}","templated":true}]}}