{"id":5451,"date":"2024-12-20T14:41:15","date_gmt":"2024-12-20T14:41:15","guid":{"rendered":"https:\/\/www.prumkadc.cz\/?p=5451"},"modified":"2024-12-20T14:41:16","modified_gmt":"2024-12-20T14:41:16","slug":"finale-souteze-innoschool","status":"publish","type":"post","link":"https:\/\/www.prumkadc.cz\/index.php\/2024\/12\/20\/finale-souteze-innoschool\/","title":{"rendered":"Fin\u00e1le sout\u011b\u017ee Innoschool"},"content":{"rendered":"\n<p>Dne 17.&nbsp;12.&nbsp;2024 prob\u011bhlo fin\u00e1le sout\u011b\u017ee Innoschool. Fin\u00e1le se z\u00fa\u010dastnily t\u00fdmy z&nbsp;r\u016fzn\u00fdch st\u0159edn\u00edch \u0161kol nap\u0159\u00ed\u010d celou republikou. Na\u0161i \u0161kolu reprezentovaly dva t\u00fdmy 4T \u2013 Ond\u0159ej \u010cech, Barbora Kolandov\u00e1 a P\u0159emysl Grusser, 3T \u2013 Barbora Bryndov\u00e1, Ad\u00e9la Halga\u0161ov\u00e1, Radim Neumann a Josef Sto\u010des. Ka\u017ed\u00fd t\u00fdm m\u011bl za \u00fakol prezentovat sv\u016fj n\u00e1pad na soci\u00e1ln\u00ed podnik, kter\u00fd by m\u011bl pozitivn\u00ed dopad na spole\u010dnost.<\/p>\n\n\n\n<p>Na\u0161i \u017e\u00e1ci se v&nbsp;konkurenci ostatn\u00edch t\u00fdm\u016f neztratili. Oba t\u00fdmy svou prezentac\u00ed zaujaly jak porotu, tak i ostatn\u00ed \u00fa\u010dastn\u00edky sout\u011b\u017ee. Nakonec rozhodly zku\u0161enosti a t\u00fdm z&nbsp;4T s&nbsp;velmi dob\u0159e p\u0159ipraven\u00fdm projektem a skv\u011bl\u00fdm vystupov\u00e1n\u00edm se um\u00edstil na vynikaj\u00edc\u00edm druh\u00e9m m\u00edst\u011b.<\/p>\n\n\n\n<p>V\u0161em na\u0161im \u017e\u00e1k\u016fm d\u011bkujeme za v\u00fdbornou reprezentaci \u0161koly a gratulujeme t\u00fdmu z&nbsp;4T k&nbsp;druh\u00e9mu m\u00edstu.<\/p>\n\n\n\n<p><\/p>\n","protected":false},"excerpt":{"rendered":"<p>Dne 17.&nbsp;12.&nbsp;2024 prob\u011bhlo fin\u00e1le sout\u011b\u017ee Innoschool. Fin\u00e1le se z\u00fa\u010dastnily t\u00fdmy z&nbsp;r\u016fzn\u00fdch st\u0159edn\u00edch \u0161kol nap\u0159\u00ed\u010d celou republikou. Na\u0161i \u0161kolu reprezentovaly dva t\u00fdmy 4T \u2013 Ond\u0159ej \u010cech, Barbora Kolandov\u00e1 a P\u0159emysl Grusser, 3T \u2013 Barbora Bryndov\u00e1, Ad\u00e9la Halga\u0161ov\u00e1, Radim Neumann a Josef Sto\u010des. Ka\u017ed\u00fd t\u00fdm m\u011bl za \u00fakol prezentovat sv\u016fj n\u00e1pad na soci\u00e1ln\u00ed podnik, kter\u00fd by m\u011bl [&hellip;]<\/p>\n","protected":false},"author":2,"featured_media":0,"comment_status":"closed","ping_status":"open","sticky":false,"template":"","format":"standard","meta":{"_acf_changed":false,"footnotes":""},"categories":[1],"tags":[],"class_list":["post-5451","post","type-post","status-publish","format-standard","hentry","category-uncategorized"],"acf":[],"_links":{"self":[{"href":"https:\/\/www.prumkadc.cz\/index.php\/wp-json\/wp\/v2\/posts\/5451","targetHints":{"allow":["GET"]}}],"collection":[{"href":"https:\/\/www.prumkadc.cz\/index.php\/wp-json\/wp\/v2\/posts"}],"about":[{"href":"https:\/\/www.prumkadc.cz\/index.php\/wp-json\/wp\/v2\/types\/post"}],"author":[{"embeddable":true,"href":"https:\/\/www.prumkadc.cz\/index.php\/wp-json\/wp\/v2\/users\/2"}],"replies":[{"embeddable":true,"href":"https:\/\/www.prumkadc.cz\/index.php\/wp-json\/wp\/v2\/comments?post=5451"}],"version-history":[{"count":1,"href":"https:\/\/www.prumkadc.cz\/index.php\/wp-json\/wp\/v2\/posts\/5451\/revisions"}],"predecessor-version":[{"id":5452,"href":"https:\/\/www.prumkadc.cz\/index.php\/wp-json\/wp\/v2\/posts\/5451\/revisions\/5452"}],"wp:attachment":[{"href":"https:\/\/www.prumkadc.cz\/index.php\/wp-json\/wp\/v2\/media?parent=5451"}],"wp:term":[{"taxonomy":"category","embeddable":true,"href":"https:\/\/www.prumkadc.cz\/index.php\/wp-json\/wp\/v2\/categories?post=5451"},{"taxonomy":"post_tag","embeddable":true,"href":"https:\/\/www.prumkadc.cz\/index.php\/wp-json\/wp\/v2\/tags?post=5451"}],"curies":[{"name":"wp","href":"https:\/\/api.w.org\/{rel}","templated":true}]}}