{"id":5570,"date":"2025-02-18T15:21:29","date_gmt":"2025-02-18T15:21:29","guid":{"rendered":"https:\/\/www.prumkadc.cz\/?p=5570"},"modified":"2025-02-18T15:22:56","modified_gmt":"2025-02-18T15:22:56","slug":"volby-do-skolske-rady-vos-a-sps-decin-2025","status":"publish","type":"post","link":"https:\/\/www.prumkadc.cz\/index.php\/2025\/02\/18\/volby-do-skolske-rady-vos-a-sps-decin-2025\/","title":{"rendered":"Volby do \u0161kolsk\u00e9 rady VO\u0160 a SP\u0160 D\u011b\u010d\u00edn 2025"},"content":{"rendered":"\n<p>\u0158editel \u0161koly Ing. Michal Moc vyhla\u0161uje volby do \u0161kolsk\u00e9 rady na funk\u010dn\u00ed obdob\u00ed b\u0159ezen 2025 \u2013 b\u0159ezen 2028.<\/p>\n\n\n\n<p>Volby do \u0161kolsk\u00e9 rady prob\u011bhnou tajn\u00fdm hlasov\u00e1n\u00edm ve dvou kolech. Do p\u0159\u00edpravn\u00e9ho v\u00fdboru jsou jmenov\u00e1ni:<\/p>\n\n\n\n<p>\uf0a7&nbsp;Bc. Lenka Kr\u010dm\u00e1\u0159ov\u00e1&nbsp;\uf0a7&nbsp;Jana \u0160varcov\u00e1<br>\uf0a7&nbsp;Ing. Veronika Kl\u00edmov\u00e1<\/p>\n\n\n\n<p><strong>1.&nbsp;kolo<\/strong><\/p>\n\n\n\n<p>Do \u0161kolsk\u00e9 rady budou voleni 2 z\u00e1stupci za pedagogy a 2 z\u00e1stupci za \u017e\u00e1ky \u0161koly (voleni mohou b\u00fdt zletil\u00fd \u017e\u00e1ci a studenti nebo z\u00e1konn\u00ed z\u00e1stupci nezletil\u00fdch \u017e\u00e1k\u016f).<\/p>\n\n\n\n<p>N\u00e1vrhy kandid\u00e1t\u016f lze p\u0159edat v&nbsp;term\u00ednu do 04.03.2025:<\/p>\n\n\n\n<p>\uf0a7&nbsp;elektronicky na e-mailovou adresu&nbsp;info@prumkadc.cz<br>\uf0a7&nbsp;osobn\u011b na sekretari\u00e1ty budov \u0161koly, \u010csl. arm\u00e1dy 681\/10 nebo Slovansk\u00e1 1000\/55, D\u011b\u010d\u00edn&nbsp;\uf0a7&nbsp;zpr\u00e1vou do Bakal\u00e1\u0159\u016f<br>\uf0a7&nbsp;po\u0161tou na adresu: VO\u0160 a SP\u0160 D\u011b\u010d\u00edn, \u010csl. arm\u00e1dy 681\/10, D\u011b\u010d\u00edn 1.<\/p>\n\n\n\n<p>Navr\u017een\u00ed kandid\u00e1ti budou s&nbsp;n\u00e1vrhem sezn\u00e1meni a v&nbsp;p\u0159\u00edpad\u011b souhlasu budou nominov\u00e1ni do 2.&nbsp;kola voleb.<\/p>\n\n\n\n<p><strong>2.&nbsp;kolo:<\/strong><\/p>\n\n\n\n<p>Druh\u00e9 kolo prob\u011bhne v&nbsp;term\u00ednu&nbsp;<strong>do 17.03.2025<\/strong>.<\/p>\n\n\n\n<p><strong>Kandid\u00e1ti za pedagogy \u0161koly&nbsp;<\/strong>budou voleni tajn\u00fdm hlasov\u00e1n\u00edm v&nbsp;analogick\u00e9 podob\u011b prost\u0159ednictv\u00edm vhozen\u00ed hlasovac\u00edho l\u00edstku do hlasovac\u00ed urny um\u00edst\u011bn\u00e9 ve sborovn\u00e1ch obou budov \u0161koly do 17.03.2025 do 12:00 hodin. Hlasy budou pot\u00e9 hromadn\u011b se\u010dteny. Z&nbsp;kandid\u00e1t\u016f na jednom volebn\u00edm l\u00edstku bude zapo\u010dten ozna\u010den\u00fd kandid\u00e1t. \u010cleny \u0161kolsk\u00e9 rady budou zvoleni prvn\u00ed dva z&nbsp;celkov\u00e9ho po\u0159ad\u00ed.<\/p>\n\n\n\n<p><strong>Kandid\u00e1ti za \u017e\u00e1ky a studenty \u0161koly&nbsp;<\/strong>budou voleni tajn\u00fdm hlasov\u00e1n\u00edm elektronicky formou ankety v&nbsp;programu Bakal\u00e1\u0159i, kter\u00e1 bude zve\u0159ejn\u011bna v&nbsp;term\u00ednu od 05.03.2025 do 17.03.2025. Hlasy budou pot\u00e9 hromadn\u011b se\u010dteny. Z&nbsp;kandid\u00e1t\u016f na jednom volebn\u00edm l\u00edstku bude zapo\u010dten ozna\u010den\u00fd kandid\u00e1t. \u010cleny \u0161kolsk\u00e9 rady budou zvoleni prvn\u00ed dva z&nbsp;celkov\u00e9ho po\u0159ad\u00ed.<\/p>\n\n\n\n<p>Pokud nebude napln\u011bna nadpolovi\u010dn\u00ed v\u011bt\u0161ina hlasuj\u00edc\u00edch, bude n\u00e1sledn\u011b vyhl\u00e1\u0161eno 3.&nbsp;kolo voleb.<\/p>\n\n\n\n<div data-wp-interactive=\"core\/file\" class=\"wp-block-file\"><object data-wp-bind--hidden=\"!state.hasPdfPreview\" hidden class=\"wp-block-file__embed\" data=\"https:\/\/www.prumkadc.cz\/wp-content\/uploads\/2025\/02\/vyhlaseni_voleb_do_SR_2025.pdf\" type=\"application\/pdf\" style=\"width:100%;height:600px\" aria-label=\"Vlo\u017eit z vyhlaseni_voleb_do_SR_2025.\"><\/object><a id=\"wp-block-file--media-83bb474c-a26d-4f60-81fa-45e3a22670c5\" href=\"https:\/\/www.prumkadc.cz\/wp-content\/uploads\/2025\/02\/vyhlaseni_voleb_do_SR_2025.pdf\">vyhlaseni_voleb_do_SR_2025<\/a><a href=\"https:\/\/www.prumkadc.cz\/wp-content\/uploads\/2025\/02\/vyhlaseni_voleb_do_SR_2025.pdf\" class=\"wp-block-file__button wp-element-button\" download aria-describedby=\"wp-block-file--media-83bb474c-a26d-4f60-81fa-45e3a22670c5\">St\u00e1hnout<\/a><\/div>\n","protected":false},"excerpt":{"rendered":"<p>\u0158editel \u0161koly Ing. Michal Moc vyhla\u0161uje volby do \u0161kolsk\u00e9 rady na funk\u010dn\u00ed obdob\u00ed b\u0159ezen 2025 \u2013 b\u0159ezen 2028. Volby do \u0161kolsk\u00e9 rady prob\u011bhnou tajn\u00fdm hlasov\u00e1n\u00edm ve dvou kolech. Do p\u0159\u00edpravn\u00e9ho v\u00fdboru jsou jmenov\u00e1ni: \uf0a7&nbsp;Bc. Lenka Kr\u010dm\u00e1\u0159ov\u00e1&nbsp;\uf0a7&nbsp;Jana \u0160varcov\u00e1\uf0a7&nbsp;Ing. Veronika Kl\u00edmov\u00e1 1.&nbsp;kolo Do \u0161kolsk\u00e9 rady budou voleni 2 z\u00e1stupci za pedagogy a 2 z\u00e1stupci za \u017e\u00e1ky \u0161koly [&hellip;]<\/p>\n","protected":false},"author":2,"featured_media":5573,"comment_status":"closed","ping_status":"open","sticky":false,"template":"","format":"standard","meta":{"_acf_changed":false,"footnotes":""},"categories":[1],"tags":[],"class_list":["post-5570","post","type-post","status-publish","format-standard","has-post-thumbnail","hentry","category-uncategorized"],"acf":[],"_links":{"self":[{"href":"https:\/\/www.prumkadc.cz\/index.php\/wp-json\/wp\/v2\/posts\/5570","targetHints":{"allow":["GET"]}}],"collection":[{"href":"https:\/\/www.prumkadc.cz\/index.php\/wp-json\/wp\/v2\/posts"}],"about":[{"href":"https:\/\/www.prumkadc.cz\/index.php\/wp-json\/wp\/v2\/types\/post"}],"author":[{"embeddable":true,"href":"https:\/\/www.prumkadc.cz\/index.php\/wp-json\/wp\/v2\/users\/2"}],"replies":[{"embeddable":true,"href":"https:\/\/www.prumkadc.cz\/index.php\/wp-json\/wp\/v2\/comments?post=5570"}],"version-history":[{"count":1,"href":"https:\/\/www.prumkadc.cz\/index.php\/wp-json\/wp\/v2\/posts\/5570\/revisions"}],"predecessor-version":[{"id":5572,"href":"https:\/\/www.prumkadc.cz\/index.php\/wp-json\/wp\/v2\/posts\/5570\/revisions\/5572"}],"wp:featuredmedia":[{"embeddable":true,"href":"https:\/\/www.prumkadc.cz\/index.php\/wp-json\/wp\/v2\/media\/5573"}],"wp:attachment":[{"href":"https:\/\/www.prumkadc.cz\/index.php\/wp-json\/wp\/v2\/media?parent=5570"}],"wp:term":[{"taxonomy":"category","embeddable":true,"href":"https:\/\/www.prumkadc.cz\/index.php\/wp-json\/wp\/v2\/categories?post=5570"},{"taxonomy":"post_tag","embeddable":true,"href":"https:\/\/www.prumkadc.cz\/index.php\/wp-json\/wp\/v2\/tags?post=5570"}],"curies":[{"name":"wp","href":"https:\/\/api.w.org\/{rel}","templated":true}]}}