{"id":5847,"date":"2025-05-29T18:50:09","date_gmt":"2025-05-29T18:50:09","guid":{"rendered":"https:\/\/www.prumkadc.cz\/?p=5847"},"modified":"2025-05-29T18:50:12","modified_gmt":"2025-05-29T18:50:12","slug":"camp-praha","status":"publish","type":"post","link":"https:\/\/www.prumkadc.cz\/index.php\/2025\/05\/29\/camp-praha\/","title":{"rendered":"CAMP Praha"},"content":{"rendered":"\n<p>Studenti 2.&nbsp;ro\u010dn\u00edku vyrazili v&nbsp;r\u00e1mci odborn\u00e9 praxe do CAMPu (pros\u00edm ozna\u010dit) v&nbsp;Praze na v\u00fdstavu Praha z\u00edtra? Propojen\u00e9 m\u011bsto. A zam\u011b\u0159ili jsme se na to, co n\u00e1s zaj\u00edm\u00e1 nejv\u00edc \u2013 dopravu a jej\u00ed propojen\u00ed.<\/p>\n\n\n\n<p>\ud83d\udc40 Co jsme vid\u011bli?<\/p>\n\n\n\n<p>\ud83d\udd39 Budouc\u00ed metro D \u2013 bez strojvedouc\u00edch, s&nbsp;automatick\u00fdm provozem.<\/p>\n\n\n\n<p>\ud83d\udd39 Nov\u00e9 tramvajov\u00e9 trat\u011b, kter\u00e9 l\u00e9pe propoj\u00ed okrajov\u00e9 \u010dtvrti s&nbsp;centrem.<\/p>\n\n\n\n<p>\ud83d\udd39 \u017deleznici jako sou\u010d\u00e1st MHD \u2013 pravideln\u00e9 spoje, p\u0159estupn\u00ed uzly, napojen\u00ed na metro.<\/p>\n\n\n\n<p>\ud83d\udd39 Integrovan\u00fd dopravn\u00ed syst\u00e9m \u2013 jeden syst\u00e9m, jedna j\u00edzdenka, maxim\u00e1ln\u00ed efektivita.<\/p>\n\n\n\n<p>\ud83d\udcac Skv\u011bl\u00e1 inspirace pro v\u0161echny doprav\u00e1ky, kte\u0159\u00ed se cht\u011bj\u00ed dozv\u011bd\u011bt v\u00edc o jej\u00edm pl\u00e1nov\u00e1n\u00ed, \u0159\u00edzen\u00ed nebo rozvoji.&#8220;<\/p>\n\n\n\n<figure class=\"wp-block-gallery has-nested-images columns-default is-cropped wp-block-gallery-1 is-layout-flex wp-block-gallery-is-layout-flex\">\n<figure class=\"wp-block-image size-large\"><img fetchpriority=\"high\" decoding=\"async\" width=\"1024\" height=\"768\" data-id=\"5849\" src=\"https:\/\/www.prumkadc.cz\/wp-content\/uploads\/2025\/05\/20250521_125043-1024x768.jpg\" alt=\"\" class=\"wp-image-5849\" srcset=\"https:\/\/www.prumkadc.cz\/wp-content\/uploads\/2025\/05\/20250521_125043-1024x768.jpg 1024w, https:\/\/www.prumkadc.cz\/wp-content\/uploads\/2025\/05\/20250521_125043-300x225.jpg 300w, https:\/\/www.prumkadc.cz\/wp-content\/uploads\/2025\/05\/20250521_125043-768x576.jpg 768w, https:\/\/www.prumkadc.cz\/wp-content\/uploads\/2025\/05\/20250521_125043.jpg 1240w\" sizes=\"(max-width: 1024px) 100vw, 1024px\" \/><\/figure>\n\n\n\n<figure class=\"wp-block-image size-large\"><img decoding=\"async\" width=\"1024\" height=\"768\" data-id=\"5850\" src=\"https:\/\/www.prumkadc.cz\/wp-content\/uploads\/2025\/05\/20250521_125511-1024x768.jpg\" alt=\"\" class=\"wp-image-5850\" srcset=\"https:\/\/www.prumkadc.cz\/wp-content\/uploads\/2025\/05\/20250521_125511-1024x768.jpg 1024w, https:\/\/www.prumkadc.cz\/wp-content\/uploads\/2025\/05\/20250521_125511-300x225.jpg 300w, https:\/\/www.prumkadc.cz\/wp-content\/uploads\/2025\/05\/20250521_125511-768x576.jpg 768w, https:\/\/www.prumkadc.cz\/wp-content\/uploads\/2025\/05\/20250521_125511.jpg 1240w\" sizes=\"(max-width: 1024px) 100vw, 1024px\" \/><\/figure>\n\n\n\n<figure class=\"wp-block-image size-large\"><img decoding=\"async\" width=\"1024\" height=\"768\" data-id=\"5851\" src=\"https:\/\/www.prumkadc.cz\/wp-content\/uploads\/2025\/05\/20250521_125917-1-1024x768.jpg\" alt=\"\" class=\"wp-image-5851\" srcset=\"https:\/\/www.prumkadc.cz\/wp-content\/uploads\/2025\/05\/20250521_125917-1-1024x768.jpg 1024w, https:\/\/www.prumkadc.cz\/wp-content\/uploads\/2025\/05\/20250521_125917-1-300x225.jpg 300w, https:\/\/www.prumkadc.cz\/wp-content\/uploads\/2025\/05\/20250521_125917-1-768x576.jpg 768w, https:\/\/www.prumkadc.cz\/wp-content\/uploads\/2025\/05\/20250521_125917-1.jpg 1240w\" sizes=\"(max-width: 1024px) 100vw, 1024px\" \/><\/figure>\n<\/figure>\n","protected":false},"excerpt":{"rendered":"<p>Studenti 2.&nbsp;ro\u010dn\u00edku vyrazili v&nbsp;r\u00e1mci odborn\u00e9 praxe do CAMPu (pros\u00edm ozna\u010dit) v&nbsp;Praze na v\u00fdstavu Praha z\u00edtra? Propojen\u00e9 m\u011bsto. A zam\u011b\u0159ili jsme se na to, co n\u00e1s zaj\u00edm\u00e1 nejv\u00edc \u2013 dopravu a jej\u00ed propojen\u00ed. \ud83d\udc40 Co jsme vid\u011bli? \ud83d\udd39 Budouc\u00ed metro D \u2013 bez strojvedouc\u00edch, s&nbsp;automatick\u00fdm provozem. \ud83d\udd39 Nov\u00e9 tramvajov\u00e9 trat\u011b, kter\u00e9 l\u00e9pe propoj\u00ed okrajov\u00e9 \u010dtvrti s&nbsp;centrem. [&hellip;]<\/p>\n","protected":false},"author":2,"featured_media":5851,"comment_status":"closed","ping_status":"open","sticky":false,"template":"","format":"standard","meta":{"_acf_changed":false,"footnotes":""},"categories":[1],"tags":[],"class_list":["post-5847","post","type-post","status-publish","format-standard","has-post-thumbnail","hentry","category-uncategorized"],"acf":[],"_links":{"self":[{"href":"https:\/\/www.prumkadc.cz\/index.php\/wp-json\/wp\/v2\/posts\/5847","targetHints":{"allow":["GET"]}}],"collection":[{"href":"https:\/\/www.prumkadc.cz\/index.php\/wp-json\/wp\/v2\/posts"}],"about":[{"href":"https:\/\/www.prumkadc.cz\/index.php\/wp-json\/wp\/v2\/types\/post"}],"author":[{"embeddable":true,"href":"https:\/\/www.prumkadc.cz\/index.php\/wp-json\/wp\/v2\/users\/2"}],"replies":[{"embeddable":true,"href":"https:\/\/www.prumkadc.cz\/index.php\/wp-json\/wp\/v2\/comments?post=5847"}],"version-history":[{"count":1,"href":"https:\/\/www.prumkadc.cz\/index.php\/wp-json\/wp\/v2\/posts\/5847\/revisions"}],"predecessor-version":[{"id":5852,"href":"https:\/\/www.prumkadc.cz\/index.php\/wp-json\/wp\/v2\/posts\/5847\/revisions\/5852"}],"wp:featuredmedia":[{"embeddable":true,"href":"https:\/\/www.prumkadc.cz\/index.php\/wp-json\/wp\/v2\/media\/5851"}],"wp:attachment":[{"href":"https:\/\/www.prumkadc.cz\/index.php\/wp-json\/wp\/v2\/media?parent=5847"}],"wp:term":[{"taxonomy":"category","embeddable":true,"href":"https:\/\/www.prumkadc.cz\/index.php\/wp-json\/wp\/v2\/categories?post=5847"},{"taxonomy":"post_tag","embeddable":true,"href":"https:\/\/www.prumkadc.cz\/index.php\/wp-json\/wp\/v2\/tags?post=5847"}],"curies":[{"name":"wp","href":"https:\/\/api.w.org\/{rel}","templated":true}]}}