{"id":5877,"date":"2025-06-17T16:53:13","date_gmt":"2025-06-17T16:53:13","guid":{"rendered":"https:\/\/www.prumkadc.cz\/?p=5877"},"modified":"2025-06-17T16:53:16","modified_gmt":"2025-06-17T16:53:16","slug":"specialni-teorie-relativity","status":"publish","type":"post","link":"https:\/\/www.prumkadc.cz\/index.php\/2025\/06\/17\/specialni-teorie-relativity\/","title":{"rendered":"Speci\u00e1ln\u00ed teorie relativity"},"content":{"rendered":"\n<p>Speci\u00e1ln\u00ed teorie relativity \u2013 p\u0159edn\u00e1\u0161ka na \u010cVUT v\u00a0D\u011b\u010d\u00edn\u011b\u00a0dne 17.&nbsp;6.&nbsp;2025<\/p>\n\n\n\n<p>Ji\u017e tradi\u010dn\u011b zaji\u0161\u0165uje \u010cVUT pro \u017e\u00e1ky&nbsp;druh\u00e9ho ro\u010dn\u00edku&nbsp;na\u0161ich technick\u00fdch obor\u016f&nbsp;(Stroj\u00edrenstv\u00ed, Stavebnictv\u00ed a Elektrotechnika)&nbsp;p\u0159edn\u00e1\u0161ku na t\u00e9ma Speci\u00e1ln\u00ed teorie relativity. I v&nbsp;leto\u0161n\u00edm roce n\u00e1m p\u0159edn\u00e1\u0161el&nbsp;prof. Dr. Boris&nbsp;Tom\u00e1\u0161ik. \u017d\u00e1k\u016fm byly&nbsp;zp\u0159\u00edstupn\u011bny&nbsp;z\u00e1kladn\u00ed postul\u00e1ty speci\u00e1ln\u00ed teorie relativity, sezn\u00e1mili se tak\u00e9 s&nbsp;jejich z\u00e1kladn\u00edmi d\u016fsledky po teoretick\u00e9 a&nbsp;matematick\u00e9 str\u00e1nce. Vid\u011bli t\u00e9\u017e, v&nbsp;kter\u00fdch re\u00e1ln\u00fdch jevech se tyto &nbsp;d\u016fsledky projevuj\u00ed. &nbsp;<\/p>\n\n\n\n<p>D\u011bkujeme \u010cVUT v&nbsp;D\u011b\u010d\u00edn\u011b za mo\u017enost&nbsp;nav\u0161t\u00edvit&nbsp;jejich&nbsp;posluch\u00e1rnu a&nbsp;z\u00fa\u010dastnit se t\u00e9to zaj\u00edmav\u00e9 p\u0159edn\u00e1\u0161ky.&nbsp;Zvl\u00e1\u0161tn\u00ed pod\u011bkov\u00e1n\u00ed pat\u0159\u00ed Prof.&nbsp;Dr.&nbsp;Tom\u00e1\u0161ikovi&nbsp;za p\u0159\u00edstup k&nbsp;na\u0161im \u017e\u00e1k\u016fm.<\/p>\n\n\n\n<figure class=\"wp-block-gallery has-nested-images columns-default is-cropped wp-block-gallery-1 is-layout-flex wp-block-gallery-is-layout-flex\">\n<figure class=\"wp-block-image size-large\"><img fetchpriority=\"high\" decoding=\"async\" width=\"640\" height=\"480\" data-id=\"5878\" src=\"https:\/\/www.prumkadc.cz\/wp-content\/uploads\/2025\/06\/1750158321655-ve-stredni-velikosti.jpeg\" alt=\"\" class=\"wp-image-5878\" srcset=\"https:\/\/www.prumkadc.cz\/wp-content\/uploads\/2025\/06\/1750158321655-ve-stredni-velikosti.jpeg 640w, https:\/\/www.prumkadc.cz\/wp-content\/uploads\/2025\/06\/1750158321655-ve-stredni-velikosti-300x225.jpeg 300w\" sizes=\"(max-width: 640px) 100vw, 640px\" \/><\/figure>\n\n\n\n<figure class=\"wp-block-image size-large\"><img decoding=\"async\" width=\"480\" height=\"640\" data-id=\"5879\" src=\"https:\/\/www.prumkadc.cz\/wp-content\/uploads\/2025\/06\/1750158253386-ve-stredni-velikosti.jpeg\" alt=\"\" class=\"wp-image-5879\" srcset=\"https:\/\/www.prumkadc.cz\/wp-content\/uploads\/2025\/06\/1750158253386-ve-stredni-velikosti.jpeg 480w, https:\/\/www.prumkadc.cz\/wp-content\/uploads\/2025\/06\/1750158253386-ve-stredni-velikosti-225x300.jpeg 225w\" sizes=\"(max-width: 480px) 100vw, 480px\" \/><\/figure>\n<\/figure>\n","protected":false},"excerpt":{"rendered":"<p>Speci\u00e1ln\u00ed teorie relativity \u2013 p\u0159edn\u00e1\u0161ka na \u010cVUT v\u00a0D\u011b\u010d\u00edn\u011b\u00a0dne 17.&nbsp;6.&nbsp;2025 Ji\u017e tradi\u010dn\u011b zaji\u0161\u0165uje \u010cVUT pro \u017e\u00e1ky&nbsp;druh\u00e9ho ro\u010dn\u00edku&nbsp;na\u0161ich technick\u00fdch obor\u016f&nbsp;(Stroj\u00edrenstv\u00ed, Stavebnictv\u00ed a Elektrotechnika)&nbsp;p\u0159edn\u00e1\u0161ku na t\u00e9ma Speci\u00e1ln\u00ed teorie relativity. I v&nbsp;leto\u0161n\u00edm roce n\u00e1m p\u0159edn\u00e1\u0161el&nbsp;prof. Dr. Boris&nbsp;Tom\u00e1\u0161ik. \u017d\u00e1k\u016fm byly&nbsp;zp\u0159\u00edstupn\u011bny&nbsp;z\u00e1kladn\u00ed postul\u00e1ty speci\u00e1ln\u00ed teorie relativity, sezn\u00e1mili se tak\u00e9 s&nbsp;jejich z\u00e1kladn\u00edmi d\u016fsledky po teoretick\u00e9 a&nbsp;matematick\u00e9 str\u00e1nce. Vid\u011bli t\u00e9\u017e, v&nbsp;kter\u00fdch re\u00e1ln\u00fdch jevech se [&hellip;]<\/p>\n","protected":false},"author":2,"featured_media":5879,"comment_status":"closed","ping_status":"open","sticky":false,"template":"","format":"standard","meta":{"_acf_changed":false,"footnotes":""},"categories":[1],"tags":[],"class_list":["post-5877","post","type-post","status-publish","format-standard","has-post-thumbnail","hentry","category-uncategorized"],"acf":[],"_links":{"self":[{"href":"https:\/\/www.prumkadc.cz\/index.php\/wp-json\/wp\/v2\/posts\/5877","targetHints":{"allow":["GET"]}}],"collection":[{"href":"https:\/\/www.prumkadc.cz\/index.php\/wp-json\/wp\/v2\/posts"}],"about":[{"href":"https:\/\/www.prumkadc.cz\/index.php\/wp-json\/wp\/v2\/types\/post"}],"author":[{"embeddable":true,"href":"https:\/\/www.prumkadc.cz\/index.php\/wp-json\/wp\/v2\/users\/2"}],"replies":[{"embeddable":true,"href":"https:\/\/www.prumkadc.cz\/index.php\/wp-json\/wp\/v2\/comments?post=5877"}],"version-history":[{"count":1,"href":"https:\/\/www.prumkadc.cz\/index.php\/wp-json\/wp\/v2\/posts\/5877\/revisions"}],"predecessor-version":[{"id":5880,"href":"https:\/\/www.prumkadc.cz\/index.php\/wp-json\/wp\/v2\/posts\/5877\/revisions\/5880"}],"wp:featuredmedia":[{"embeddable":true,"href":"https:\/\/www.prumkadc.cz\/index.php\/wp-json\/wp\/v2\/media\/5879"}],"wp:attachment":[{"href":"https:\/\/www.prumkadc.cz\/index.php\/wp-json\/wp\/v2\/media?parent=5877"}],"wp:term":[{"taxonomy":"category","embeddable":true,"href":"https:\/\/www.prumkadc.cz\/index.php\/wp-json\/wp\/v2\/categories?post=5877"},{"taxonomy":"post_tag","embeddable":true,"href":"https:\/\/www.prumkadc.cz\/index.php\/wp-json\/wp\/v2\/tags?post=5877"}],"curies":[{"name":"wp","href":"https:\/\/api.w.org\/{rel}","templated":true}]}}