{"id":6063,"date":"2025-10-15T11:57:13","date_gmt":"2025-10-15T11:57:13","guid":{"rendered":"https:\/\/www.prumkadc.cz\/?p=6063"},"modified":"2025-10-15T11:57:13","modified_gmt":"2025-10-15T11:57:13","slug":"exkurze-letiste-vaclava-havla-praha","status":"publish","type":"post","link":"https:\/\/www.prumkadc.cz\/index.php\/2025\/10\/15\/exkurze-letiste-vaclava-havla-praha\/","title":{"rendered":"Exkurze &#8211; Leti\u0161t\u011b V\u00e1clava Havla Praha"},"content":{"rendered":"\n<p>V \u00fater\u00fd 14.&nbsp;\u0159\u00edjna 2025 se studenti prvn\u00edho a \u010dtvrt\u00e9ho ro\u010dn\u00edku oboru&nbsp;<strong>Provoz a ekonomika dopravy \u2013 zam\u011b\u0159en\u00ed Logistika<\/strong>&nbsp;z\u00fa\u010dastnili odborn\u00e9 exkurze na&nbsp;<strong>Leti\u0161ti V\u00e1clava Havla v&nbsp;Praze<\/strong>.<\/p>\n\n\n\n<p>Exkurze doplnila teoretickou v\u00fduku p\u0159edm\u011btu Doprava a p\u0159eprava v&nbsp;logistice o praktick\u00e9 poznatky z&nbsp;re\u00e1ln\u00e9ho prost\u0159ed\u00ed. Program jsme zah\u00e1jili na Termin\u00e1lu 3, odkud jsme se leti\u0161tn\u00edm autobusem p\u0159esouvali mezi jednotliv\u00fdmi termin\u00e1ly a hang\u00e1ry, ale i po leti\u0161tn\u00ed dr\u00e1ze.<\/p>\n\n\n\n<p>Pr\u016fvodce n\u00e1s sezn\u00e1mil s&nbsp;fungov\u00e1n\u00edm kl\u00ed\u010dov\u00fdch slo\u017eek leti\u0161t\u011b \u2013 \u0158\u00edzen\u00edm letov\u00e9ho provozu, Biologickou ochranou leti\u0161t\u011b, IZS, spole\u010dnost\u00ed Smartwings a dal\u0161\u00edmi.&nbsp;Z&nbsp;bezprost\u0159edn\u00ed bl\u00edzkosti jsme mohli pozorovat p\u0159ist\u00e1v\u00e1n\u00ed a vzlety letadel, v\u010detn\u011b soukrom\u00fdch letadel, a sledovat pr\u00e1ci pozemn\u00edho person\u00e1lu p\u0159i rolov\u00e1n\u00ed a odbavov\u00e1n\u00ed letadel. Jejich techniku jsme m\u011bli na dosah v\u010detn\u011b leteck\u00e9 policie a jejich vrtuln\u00edk\u016f.<\/p>\n\n\n\n<p>Z\u00e1v\u011bre\u010dn\u00e1 \u010d\u00e1st exkurze pat\u0159ila servisu a \u00fadr\u017eb\u011b letadel,&nbsp;kde jsme m\u011bli mo\u017enost nahl\u00e9dnout do d\u00edlen, v&nbsp;nich\u017e si leteck\u00e9 spole\u010dnosti nech\u00e1vaj\u00ed opravovat sv\u00e9 stroje. Vid\u011bli jsme mimo jin\u00e9 odkryt\u00e9 \u010d\u00e1sti motor\u016f, podvozk\u016f a dal\u0161\u00edch \u010d\u00e1st\u00ed letadel.<\/p>\n\n\n\n<p>Exkurze student\u016fm p\u0159inesla cennou p\u0159\u00edle\u017eitost propojit teoretick\u00e9 znalosti s&nbsp;prax\u00ed, l\u00e9pe porozum\u011bt provozu leteck\u00e9 dopravy a z\u00edskat p\u0159edstavu o mo\u017en\u00fdch pracovn\u00edch uplatn\u011bn\u00edch pro na\u0161e zam\u011b\u0159en\u00ed.<\/p>\n\n\n\n<p>Cel\u00e1 akce se setkala s&nbsp;velmi pozitivn\u00edm ohlasem \u2013 studenti i pedagogov\u00e9 si ji u\u017eili a poutav\u00e9 vypr\u00e1v\u011bn\u00ed pana pr\u016fvodce bylo skute\u010dn\u011b inspirativn\u00ed.<\/p>\n\n\n\n<figure class=\"wp-block-gallery has-nested-images columns-default is-cropped wp-block-gallery-1 is-layout-flex wp-block-gallery-is-layout-flex\">\n<figure class=\"wp-block-image size-large\"><img fetchpriority=\"high\" decoding=\"async\" width=\"1000\" height=\"750\" data-id=\"6065\" src=\"https:\/\/www.prumkadc.cz\/wp-content\/uploads\/2025\/10\/20251014_111614.jpg\" alt=\"\" class=\"wp-image-6065\" srcset=\"https:\/\/www.prumkadc.cz\/wp-content\/uploads\/2025\/10\/20251014_111614.jpg 1000w, https:\/\/www.prumkadc.cz\/wp-content\/uploads\/2025\/10\/20251014_111614-300x225.jpg 300w, https:\/\/www.prumkadc.cz\/wp-content\/uploads\/2025\/10\/20251014_111614-768x576.jpg 768w, https:\/\/www.prumkadc.cz\/wp-content\/uploads\/2025\/10\/20251014_111614-100x75.jpg 100w\" sizes=\"(max-width: 1000px) 100vw, 1000px\" \/><\/figure>\n\n\n\n<figure class=\"wp-block-image size-large\"><img decoding=\"async\" width=\"1000\" height=\"750\" data-id=\"6064\" src=\"https:\/\/www.prumkadc.cz\/wp-content\/uploads\/2025\/10\/20251014_122038.jpg\" alt=\"\" class=\"wp-image-6064\" srcset=\"https:\/\/www.prumkadc.cz\/wp-content\/uploads\/2025\/10\/20251014_122038.jpg 1000w, https:\/\/www.prumkadc.cz\/wp-content\/uploads\/2025\/10\/20251014_122038-300x225.jpg 300w, https:\/\/www.prumkadc.cz\/wp-content\/uploads\/2025\/10\/20251014_122038-768x576.jpg 768w, https:\/\/www.prumkadc.cz\/wp-content\/uploads\/2025\/10\/20251014_122038-100x75.jpg 100w\" sizes=\"(max-width: 1000px) 100vw, 1000px\" \/><\/figure>\n\n\n\n<figure class=\"wp-block-image size-large\"><img decoding=\"async\" width=\"1000\" height=\"750\" data-id=\"6066\" src=\"https:\/\/www.prumkadc.cz\/wp-content\/uploads\/2025\/10\/IMG-20251014-WA0018.jpg\" alt=\"\" class=\"wp-image-6066\" srcset=\"https:\/\/www.prumkadc.cz\/wp-content\/uploads\/2025\/10\/IMG-20251014-WA0018.jpg 1000w, https:\/\/www.prumkadc.cz\/wp-content\/uploads\/2025\/10\/IMG-20251014-WA0018-300x225.jpg 300w, https:\/\/www.prumkadc.cz\/wp-content\/uploads\/2025\/10\/IMG-20251014-WA0018-768x576.jpg 768w, https:\/\/www.prumkadc.cz\/wp-content\/uploads\/2025\/10\/IMG-20251014-WA0018-100x75.jpg 100w\" sizes=\"(max-width: 1000px) 100vw, 1000px\" \/><\/figure>\n\n\n\n<figure class=\"wp-block-image size-large\"><img loading=\"lazy\" decoding=\"async\" width=\"1000\" height=\"750\" data-id=\"6067\" src=\"https:\/\/www.prumkadc.cz\/wp-content\/uploads\/2025\/10\/IMG-20251014-WA0019.jpg\" alt=\"\" class=\"wp-image-6067\" srcset=\"https:\/\/www.prumkadc.cz\/wp-content\/uploads\/2025\/10\/IMG-20251014-WA0019.jpg 1000w, https:\/\/www.prumkadc.cz\/wp-content\/uploads\/2025\/10\/IMG-20251014-WA0019-300x225.jpg 300w, https:\/\/www.prumkadc.cz\/wp-content\/uploads\/2025\/10\/IMG-20251014-WA0019-768x576.jpg 768w, https:\/\/www.prumkadc.cz\/wp-content\/uploads\/2025\/10\/IMG-20251014-WA0019-100x75.jpg 100w\" sizes=\"(max-width: 1000px) 100vw, 1000px\" \/><\/figure>\n<\/figure>\n","protected":false},"excerpt":{"rendered":"<p>V \u00fater\u00fd 14.&nbsp;\u0159\u00edjna 2025 se studenti prvn\u00edho a \u010dtvrt\u00e9ho ro\u010dn\u00edku oboru&nbsp;Provoz a ekonomika dopravy \u2013 zam\u011b\u0159en\u00ed Logistika&nbsp;z\u00fa\u010dastnili odborn\u00e9 exkurze na&nbsp;Leti\u0161ti V\u00e1clava Havla v&nbsp;Praze. Exkurze doplnila teoretickou v\u00fduku p\u0159edm\u011btu Doprava a p\u0159eprava v&nbsp;logistice o praktick\u00e9 poznatky z&nbsp;re\u00e1ln\u00e9ho prost\u0159ed\u00ed. Program jsme zah\u00e1jili na Termin\u00e1lu 3, odkud jsme se leti\u0161tn\u00edm autobusem p\u0159esouvali mezi jednotliv\u00fdmi termin\u00e1ly a hang\u00e1ry, ale [&hellip;]<\/p>\n","protected":false},"author":2,"featured_media":6064,"comment_status":"closed","ping_status":"open","sticky":false,"template":"","format":"standard","meta":{"_acf_changed":false,"footnotes":""},"categories":[1],"tags":[],"class_list":["post-6063","post","type-post","status-publish","format-standard","has-post-thumbnail","hentry","category-uncategorized"],"acf":[],"_links":{"self":[{"href":"https:\/\/www.prumkadc.cz\/index.php\/wp-json\/wp\/v2\/posts\/6063","targetHints":{"allow":["GET"]}}],"collection":[{"href":"https:\/\/www.prumkadc.cz\/index.php\/wp-json\/wp\/v2\/posts"}],"about":[{"href":"https:\/\/www.prumkadc.cz\/index.php\/wp-json\/wp\/v2\/types\/post"}],"author":[{"embeddable":true,"href":"https:\/\/www.prumkadc.cz\/index.php\/wp-json\/wp\/v2\/users\/2"}],"replies":[{"embeddable":true,"href":"https:\/\/www.prumkadc.cz\/index.php\/wp-json\/wp\/v2\/comments?post=6063"}],"version-history":[{"count":1,"href":"https:\/\/www.prumkadc.cz\/index.php\/wp-json\/wp\/v2\/posts\/6063\/revisions"}],"predecessor-version":[{"id":6068,"href":"https:\/\/www.prumkadc.cz\/index.php\/wp-json\/wp\/v2\/posts\/6063\/revisions\/6068"}],"wp:featuredmedia":[{"embeddable":true,"href":"https:\/\/www.prumkadc.cz\/index.php\/wp-json\/wp\/v2\/media\/6064"}],"wp:attachment":[{"href":"https:\/\/www.prumkadc.cz\/index.php\/wp-json\/wp\/v2\/media?parent=6063"}],"wp:term":[{"taxonomy":"category","embeddable":true,"href":"https:\/\/www.prumkadc.cz\/index.php\/wp-json\/wp\/v2\/categories?post=6063"},{"taxonomy":"post_tag","embeddable":true,"href":"https:\/\/www.prumkadc.cz\/index.php\/wp-json\/wp\/v2\/tags?post=6063"}],"curies":[{"name":"wp","href":"https:\/\/api.w.org\/{rel}","templated":true}]}}