{"id":6132,"date":"2025-11-10T14:29:11","date_gmt":"2025-11-10T14:29:11","guid":{"rendered":"https:\/\/www.prumkadc.cz\/?p=6132"},"modified":"2025-11-10T14:29:12","modified_gmt":"2025-11-10T14:29:12","slug":"slavnostni-predani-pracovniho-obleceni-zakum-1-rocniku-vos-a-sps-decin","status":"publish","type":"post","link":"https:\/\/www.prumkadc.cz\/index.php\/2025\/11\/10\/slavnostni-predani-pracovniho-obleceni-zakum-1-rocniku-vos-a-sps-decin\/","title":{"rendered":"Slavnostn\u00ed p\u0159ed\u00e1n\u00ed pracovn\u00edho oble\u010den\u00ed\u00a0\u017e\u00e1k\u016fm 1.&nbsp;ro\u010dn\u00edku VO\u0160 a SP\u0160 D\u011b\u010d\u00edn"},"content":{"rendered":"\n<p>Ve st\u0159edu 5.&nbsp;listopadu 2025 se na Vy\u0161\u0161\u00ed odborn\u00e9 \u0161kole a St\u0159edn\u00ed pr\u016fmyslov\u00e9 \u0161kole v&nbsp;D\u011b\u010d\u00edn\u011b uskute\u010dnila slavnostn\u00ed akce, p\u0159i n\u00ed\u017e z\u00e1stupci spole\u010dnosti Constellium Extrusions D\u011b\u010d\u00edn s.r.o. ofici\u00e1ln\u011b p\u0159edali pracovn\u00ed oble\u010den\u00ed \u017e\u00e1k\u016fm 1.&nbsp;ro\u010dn\u00edku studijn\u00edch obor\u016f Elektrotechnika a Stroj\u00edrenstv\u00ed. Tento dar studenti vyu\u017eij\u00ed p\u0159i odborn\u00e9 v\u00fduce v&nbsp;d\u00edln\u00e1ch \u0161koly, kde z\u00edsk\u00e1vaj\u00ed praktick\u00e9 zku\u0161enosti v&nbsp;technick\u00fdch oborech.<\/p>\n\n\n\n<p>Spole\u010dnost Constellium podporuje \u017e\u00e1ky d\u011b\u010d\u00ednsk\u00e9 pr\u016fmyslov\u00e9 \u0161koly r\u016fzn\u00fdmi zp\u016fsoby ji\u017e \u0159adu let. Ka\u017edoro\u010dn\u011b se sna\u017e\u00ed motivovat nov\u00e9 studenty obor\u016f Elektrotechnika a Stroj\u00edrenstv\u00ed ke studiu technick\u00fdch obor\u016f po\u0159\u00edzen\u00edm pracovn\u00edch od\u011bv\u016f a star\u0161\u00ed studenty&nbsp;&nbsp;vyhl\u00e1\u0161en\u00edm tzv. Ceny Constellia, kdy v\u017edy trojici nejlep\u0161\u00edch budouc\u00edch elektrotechnik\u016f a stroja\u0159\u016f ocen\u00ed zaj\u00edmavou finan\u010dn\u00ed odm\u011bnou.<\/p>\n\n\n\n<p>Constellium, p\u0159edn\u00ed v\u00fdrobce hlin\u00edkov\u00fdch profil\u016f, pova\u017euje podporu technick\u00e9ho vzd\u011bl\u00e1v\u00e1n\u00ed za jednu ze sv\u00fdch dlouhodob\u00fdch priorit. D\u00edky \u00fazk\u00e9 spolupr\u00e1ci se \u0161kolou pom\u00e1h\u00e1 rozv\u00edjet z\u00e1jem mlad\u00fdch lid\u00ed o technick\u00e9 obory. T\u00edmto zp\u016fsobem firma nejen podporuje vzd\u011bl\u00e1v\u00e1n\u00ed, ale tak\u00e9 aktivn\u011b p\u0159isp\u00edv\u00e1 k&nbsp;p\u0159\u00edprav\u011b nov\u00e9 generace kvalifikovan\u00fdch odborn\u00edk\u016f pro technick\u00fd sektor.<\/p>\n\n\n\n<p><\/p>\n\n\n\n<p><em>Koordin\u00e1tor HR Projekt\u016f<br>\u0160\u00e1rka Make\u0161ov\u00e1 a Ing. Miroslav Dlask<\/em><\/p>\n\n\n\n<figure class=\"wp-block-gallery has-nested-images columns-default is-cropped wp-block-gallery-1 is-layout-flex wp-block-gallery-is-layout-flex\">\n<figure class=\"wp-block-image size-large\"><img fetchpriority=\"high\" decoding=\"async\" width=\"1024\" height=\"472\" data-id=\"6133\" src=\"https:\/\/www.prumkadc.cz\/wp-content\/uploads\/2025\/11\/Obrazek3-1024x472.jpg\" alt=\"\" class=\"wp-image-6133\" srcset=\"https:\/\/www.prumkadc.cz\/wp-content\/uploads\/2025\/11\/Obrazek3-1024x472.jpg 1024w, https:\/\/www.prumkadc.cz\/wp-content\/uploads\/2025\/11\/Obrazek3-300x138.jpg 300w, https:\/\/www.prumkadc.cz\/wp-content\/uploads\/2025\/11\/Obrazek3-768x354.jpg 768w, https:\/\/www.prumkadc.cz\/wp-content\/uploads\/2025\/11\/Obrazek3-100x46.jpg 100w, https:\/\/www.prumkadc.cz\/wp-content\/uploads\/2025\/11\/Obrazek3.jpg 1390w\" sizes=\"(max-width: 1024px) 100vw, 1024px\" \/><\/figure>\n\n\n\n<figure class=\"wp-block-image size-large\"><img decoding=\"async\" width=\"1024\" height=\"770\" data-id=\"6134\" src=\"https:\/\/www.prumkadc.cz\/wp-content\/uploads\/2025\/11\/Obrazek2-1024x770.jpg\" alt=\"\" class=\"wp-image-6134\" srcset=\"https:\/\/www.prumkadc.cz\/wp-content\/uploads\/2025\/11\/Obrazek2-1024x770.jpg 1024w, https:\/\/www.prumkadc.cz\/wp-content\/uploads\/2025\/11\/Obrazek2-300x226.jpg 300w, https:\/\/www.prumkadc.cz\/wp-content\/uploads\/2025\/11\/Obrazek2-768x577.jpg 768w, https:\/\/www.prumkadc.cz\/wp-content\/uploads\/2025\/11\/Obrazek2-100x75.jpg 100w, https:\/\/www.prumkadc.cz\/wp-content\/uploads\/2025\/11\/Obrazek2.jpg 1390w\" sizes=\"(max-width: 1024px) 100vw, 1024px\" \/><\/figure>\n\n\n\n<figure class=\"wp-block-image size-large\"><img decoding=\"async\" width=\"1024\" height=\"724\" data-id=\"6135\" src=\"https:\/\/www.prumkadc.cz\/wp-content\/uploads\/2025\/11\/Obrazek1-1024x724.jpg\" alt=\"\" class=\"wp-image-6135\" srcset=\"https:\/\/www.prumkadc.cz\/wp-content\/uploads\/2025\/11\/Obrazek1-1024x724.jpg 1024w, https:\/\/www.prumkadc.cz\/wp-content\/uploads\/2025\/11\/Obrazek1-300x212.jpg 300w, https:\/\/www.prumkadc.cz\/wp-content\/uploads\/2025\/11\/Obrazek1-768x543.jpg 768w, https:\/\/www.prumkadc.cz\/wp-content\/uploads\/2025\/11\/Obrazek1-100x71.jpg 100w, https:\/\/www.prumkadc.cz\/wp-content\/uploads\/2025\/11\/Obrazek1.jpg 1390w\" sizes=\"(max-width: 1024px) 100vw, 1024px\" \/><\/figure>\n<\/figure>\n","protected":false},"excerpt":{"rendered":"<p>Ve st\u0159edu 5.&nbsp;listopadu 2025 se na Vy\u0161\u0161\u00ed odborn\u00e9 \u0161kole a St\u0159edn\u00ed pr\u016fmyslov\u00e9 \u0161kole v&nbsp;D\u011b\u010d\u00edn\u011b uskute\u010dnila slavnostn\u00ed akce, p\u0159i n\u00ed\u017e z\u00e1stupci spole\u010dnosti Constellium Extrusions D\u011b\u010d\u00edn s.r.o. ofici\u00e1ln\u011b p\u0159edali pracovn\u00ed oble\u010den\u00ed \u017e\u00e1k\u016fm 1.&nbsp;ro\u010dn\u00edku studijn\u00edch obor\u016f Elektrotechnika a Stroj\u00edrenstv\u00ed. Tento dar studenti vyu\u017eij\u00ed p\u0159i odborn\u00e9 v\u00fduce v&nbsp;d\u00edln\u00e1ch \u0161koly, kde z\u00edsk\u00e1vaj\u00ed praktick\u00e9 zku\u0161enosti v&nbsp;technick\u00fdch oborech. Spole\u010dnost Constellium podporuje \u017e\u00e1ky [&hellip;]<\/p>\n","protected":false},"author":2,"featured_media":6133,"comment_status":"closed","ping_status":"open","sticky":false,"template":"","format":"standard","meta":{"_acf_changed":false,"footnotes":""},"categories":[1],"tags":[],"class_list":["post-6132","post","type-post","status-publish","format-standard","has-post-thumbnail","hentry","category-uncategorized"],"acf":[],"_links":{"self":[{"href":"https:\/\/www.prumkadc.cz\/index.php\/wp-json\/wp\/v2\/posts\/6132","targetHints":{"allow":["GET"]}}],"collection":[{"href":"https:\/\/www.prumkadc.cz\/index.php\/wp-json\/wp\/v2\/posts"}],"about":[{"href":"https:\/\/www.prumkadc.cz\/index.php\/wp-json\/wp\/v2\/types\/post"}],"author":[{"embeddable":true,"href":"https:\/\/www.prumkadc.cz\/index.php\/wp-json\/wp\/v2\/users\/2"}],"replies":[{"embeddable":true,"href":"https:\/\/www.prumkadc.cz\/index.php\/wp-json\/wp\/v2\/comments?post=6132"}],"version-history":[{"count":1,"href":"https:\/\/www.prumkadc.cz\/index.php\/wp-json\/wp\/v2\/posts\/6132\/revisions"}],"predecessor-version":[{"id":6136,"href":"https:\/\/www.prumkadc.cz\/index.php\/wp-json\/wp\/v2\/posts\/6132\/revisions\/6136"}],"wp:featuredmedia":[{"embeddable":true,"href":"https:\/\/www.prumkadc.cz\/index.php\/wp-json\/wp\/v2\/media\/6133"}],"wp:attachment":[{"href":"https:\/\/www.prumkadc.cz\/index.php\/wp-json\/wp\/v2\/media?parent=6132"}],"wp:term":[{"taxonomy":"category","embeddable":true,"href":"https:\/\/www.prumkadc.cz\/index.php\/wp-json\/wp\/v2\/categories?post=6132"},{"taxonomy":"post_tag","embeddable":true,"href":"https:\/\/www.prumkadc.cz\/index.php\/wp-json\/wp\/v2\/tags?post=6132"}],"curies":[{"name":"wp","href":"https:\/\/api.w.org\/{rel}","templated":true}]}}